{"id":1131,"date":"2014-07-05T16:22:29","date_gmt":"2014-07-05T14:22:29","guid":{"rendered":"http:\/\/www.sv-gebrazhofen.de\/?p=1131"},"modified":"2014-07-05T20:30:18","modified_gmt":"2014-07-05T18:30:18","slug":"luca-dobler-holt-bronze-am-bodensee","status":"publish","type":"post","link":"http:\/\/www.sv-gebrazhofen.de\/?p=1131","title":{"rendered":"Luca Dobler holt Bronze am Bodensee"},"content":{"rendered":"<p style=\"text-align: justify;\"><a href=\"http:\/\/www.sv-gebrazhofen.de\/wp-content\/uploads\/2014\/07\/14872_915365375157079_5994068491543875487_n.jpg\"><img loading=\"lazy\" decoding=\"async\" class=\"alignnone size-thumbnail wp-image-1132\" src=\"http:\/\/www.sv-gebrazhofen.de\/wp-content\/uploads\/2014\/07\/14872_915365375157079_5994068491543875487_n-150x150.jpg\" alt=\"14872_915365375157079_5994068491543875487_n\" width=\"150\" height=\"150\" \/><\/a> <a href=\"http:\/\/www.sv-gebrazhofen.de\/wp-content\/uploads\/2014\/07\/10429320_915365241823759_4147946585710069726_n.jpg\"><img loading=\"lazy\" decoding=\"async\" class=\"alignnone wp-image-1133 size-thumbnail\" src=\"http:\/\/www.sv-gebrazhofen.de\/wp-content\/uploads\/2014\/07\/10429320_915365241823759_4147946585710069726_n-150x150.jpg\" alt=\"10429320_915365241823759_4147946585710069726_n\" width=\"150\" height=\"150\" \/><\/a> <a href=\"http:\/\/www.sv-gebrazhofen.de\/wp-content\/uploads\/2014\/07\/1551462_915365445157072_6101457409230262525_n.jpg\"><img loading=\"lazy\" decoding=\"async\" class=\"alignnone wp-image-1134 size-thumbnail\" src=\"http:\/\/www.sv-gebrazhofen.de\/wp-content\/uploads\/2014\/07\/1551462_915365445157072_6101457409230262525_n-150x150.jpg\" alt=\"1551462_915365445157072_6101457409230262525_n\" width=\"150\" height=\"150\" \/><\/a><br \/>\nBeim diesj\u00e4hrigen internationalen Bodenseecup in Friedrichshafen waren auch dieses Jahr wieder Sportler des SVG germeldet. Luca Dobler und Silja Frankenbach vertraten die gebrazhofenen Farben. F\u00fcr Silja kam aber ein Tag zuvor schon das Aus. Bedingt durch eine R\u00fcckenverletzung konnte sie leider nicht an den Start gehen. Erfolgssportler Julian Moik konnte dieses Jahr aufgrund einer Sprunggelenksverletzung auch nicht antreten.<br \/>\nSo ging Luca hochmotiviert und betreut durch Julian Moik an den Start. Im Vorkampf konnte er seinen Gegner aus \u00d6sterreich taktisch sehr klug mit einem Endergebnis von 5:3 schlagen. Im folgenden Halbfinale traf er auf einen starken Kontrahenten, den er zun\u00e4chst gut in Schach halten konnte und sogar spektakul\u00e4r mit einem Kopfkick traf. Am Ende aber behielt sein Gegner die Nase vorn und Luca darf sich die Bronzemedaille umh\u00e4ngen. Man kann sehr zufrieden aus diesem Turnier gehen, zumal es erst das zweite in Lucas Karriere war!<\/p>\n","protected":false},"excerpt":{"rendered":"<p>Beim diesj\u00e4hrigen internationalen Bodenseecup in Friedrichshafen waren auch dieses Jahr wieder Sportler des SVG germeldet. Luca Dobler und Silja Frankenbach vertraten die gebrazhofenen Farben. F\u00fcr Silja kam aber ein Tag zuvor schon das Aus. Bedingt durch eine R\u00fcckenverletzung konnte sie &hellip; <a href=\"http:\/\/www.sv-gebrazhofen.de\/?p=1131\">Weiterlesen <span class=\"meta-nav\">&rarr;<\/span><\/a><\/p>\n","protected":false},"author":3,"featured_media":0,"comment_status":"closed","ping_status":"closed","sticky":false,"template":"","format":"standard","meta":{"footnotes":""},"categories":[4],"tags":[],"class_list":["post-1131","post","type-post","status-publish","format-standard","hentry","category-taekwondo"],"_links":{"self":[{"href":"http:\/\/www.sv-gebrazhofen.de\/index.php?rest_route=\/wp\/v2\/posts\/1131","targetHints":{"allow":["GET"]}}],"collection":[{"href":"http:\/\/www.sv-gebrazhofen.de\/index.php?rest_route=\/wp\/v2\/posts"}],"about":[{"href":"http:\/\/www.sv-gebrazhofen.de\/index.php?rest_route=\/wp\/v2\/types\/post"}],"author":[{"embeddable":true,"href":"http:\/\/www.sv-gebrazhofen.de\/index.php?rest_route=\/wp\/v2\/users\/3"}],"replies":[{"embeddable":true,"href":"http:\/\/www.sv-gebrazhofen.de\/index.php?rest_route=%2Fwp%2Fv2%2Fcomments&post=1131"}],"version-history":[{"count":4,"href":"http:\/\/www.sv-gebrazhofen.de\/index.php?rest_route=\/wp\/v2\/posts\/1131\/revisions"}],"predecessor-version":[{"id":1138,"href":"http:\/\/www.sv-gebrazhofen.de\/index.php?rest_route=\/wp\/v2\/posts\/1131\/revisions\/1138"}],"wp:attachment":[{"href":"http:\/\/www.sv-gebrazhofen.de\/index.php?rest_route=%2Fwp%2Fv2%2Fmedia&parent=1131"}],"wp:term":[{"taxonomy":"category","embeddable":true,"href":"http:\/\/www.sv-gebrazhofen.de\/index.php?rest_route=%2Fwp%2Fv2%2Fcategories&post=1131"},{"taxonomy":"post_tag","embeddable":true,"href":"http:\/\/www.sv-gebrazhofen.de\/index.php?rest_route=%2Fwp%2Fv2%2Ftags&post=1131"}],"curies":[{"name":"wp","href":"https:\/\/api.w.org\/{rel}","templated":true}]}}