{"id":2174,"date":"2016-03-02T13:16:49","date_gmt":"2016-03-02T11:16:49","guid":{"rendered":"http:\/\/www.sv-gebrazhofen.de\/?p=2174"},"modified":"2016-03-02T13:16:49","modified_gmt":"2016-03-02T11:16:49","slug":"eine-weitere-schwarzgurttraegerin-in-gebrazhofen","status":"publish","type":"post","link":"http:\/\/www.sv-gebrazhofen.de\/?p=2174","title":{"rendered":"Eine weitere Schwarzgurttr\u00e4gerin in Gebrazhofen"},"content":{"rendered":"<p><img loading=\"lazy\" decoding=\"async\" class=\"alignnone size-full wp-image-2175\" src=\"http:\/\/www.sv-gebrazhofen.de\/wp-content\/uploads\/2016\/03\/lena.jpg\" alt=\"lena\" width=\"728\" height=\"427\" srcset=\"http:\/\/www.sv-gebrazhofen.de\/wp-content\/uploads\/2016\/03\/lena.jpg 728w, http:\/\/www.sv-gebrazhofen.de\/wp-content\/uploads\/2016\/03\/lena-595x349.jpg 595w, http:\/\/www.sv-gebrazhofen.de\/wp-content\/uploads\/2016\/03\/lena-500x293.jpg 500w\" sizes=\"auto, (max-width: 728px) 100vw, 728px\" \/><br \/>\nAm vergangenen Sonntag wurde es f\u00fcr Lena Throner ernst. Bei der Danpr\u00fcfung in Ellwangen musste sie ihr K\u00f6nnen unter Beweis stellen. S\u00e4mtliche pr\u00fcfungsrelevanten Disziplinen des Taekwondo wurden von dem Pr\u00fcfungskomitees (Cataldo Creti, Wolfgang Br\u00fcckel &amp; Bernhard G\u00fcntner) genauestens ange<!--more-->schaut. Letzten Endes konnte sie diese \u00dcberzeugen und ist nun berechtigt sich den lang ersehnten schwarzen G\u00fcrtel umzubinden<\/p>\n","protected":false},"excerpt":{"rendered":"<p>Am vergangenen Sonntag wurde es f\u00fcr Lena Throner ernst. Bei der Danpr\u00fcfung in Ellwangen musste sie ihr K\u00f6nnen unter Beweis stellen. S\u00e4mtliche pr\u00fcfungsrelevanten Disziplinen des Taekwondo wurden von dem Pr\u00fcfungskomitees (Cataldo Creti, Wolfgang Br\u00fcckel &amp; Bernhard G\u00fcntner) genauestens ange<\/p>\n","protected":false},"author":3,"featured_media":0,"comment_status":"closed","ping_status":"closed","sticky":false,"template":"","format":"standard","meta":{"footnotes":""},"categories":[4],"tags":[],"class_list":["post-2174","post","type-post","status-publish","format-standard","hentry","category-taekwondo"],"_links":{"self":[{"href":"http:\/\/www.sv-gebrazhofen.de\/index.php?rest_route=\/wp\/v2\/posts\/2174","targetHints":{"allow":["GET"]}}],"collection":[{"href":"http:\/\/www.sv-gebrazhofen.de\/index.php?rest_route=\/wp\/v2\/posts"}],"about":[{"href":"http:\/\/www.sv-gebrazhofen.de\/index.php?rest_route=\/wp\/v2\/types\/post"}],"author":[{"embeddable":true,"href":"http:\/\/www.sv-gebrazhofen.de\/index.php?rest_route=\/wp\/v2\/users\/3"}],"replies":[{"embeddable":true,"href":"http:\/\/www.sv-gebrazhofen.de\/index.php?rest_route=%2Fwp%2Fv2%2Fcomments&post=2174"}],"version-history":[{"count":1,"href":"http:\/\/www.sv-gebrazhofen.de\/index.php?rest_route=\/wp\/v2\/posts\/2174\/revisions"}],"predecessor-version":[{"id":2176,"href":"http:\/\/www.sv-gebrazhofen.de\/index.php?rest_route=\/wp\/v2\/posts\/2174\/revisions\/2176"}],"wp:attachment":[{"href":"http:\/\/www.sv-gebrazhofen.de\/index.php?rest_route=%2Fwp%2Fv2%2Fmedia&parent=2174"}],"wp:term":[{"taxonomy":"category","embeddable":true,"href":"http:\/\/www.sv-gebrazhofen.de\/index.php?rest_route=%2Fwp%2Fv2%2Fcategories&post=2174"},{"taxonomy":"post_tag","embeddable":true,"href":"http:\/\/www.sv-gebrazhofen.de\/index.php?rest_route=%2Fwp%2Fv2%2Ftags&post=2174"}],"curies":[{"name":"wp","href":"https:\/\/api.w.org\/{rel}","templated":true}]}}