{"id":2227,"date":"2016-04-01T20:26:20","date_gmt":"2016-04-01T18:26:20","guid":{"rendered":"http:\/\/www.sv-gebrazhofen.de\/?p=2227"},"modified":"2016-04-01T20:31:02","modified_gmt":"2016-04-01T18:31:02","slug":"vorbericht-sv-gebrazhofen-sc-kleinhaslach","status":"publish","type":"post","link":"http:\/\/www.sv-gebrazhofen.de\/?p=2227","title":{"rendered":"Vorbericht:  SV Gebrazhofen &#8211; SC Kleinhaslach"},"content":{"rendered":"<p>Am Sonntag, den 03.4.16, treffen treffen die Gerbazhofer mit dem SC Kleinhaslach auf einen Absteiger aus der Kreisliga A. Die G\u00e4ste starteten sehr schlecht in die Saison und konnten sich erst im Laufe der Vorrunde den auf jetzigen sechsten Rang hocharbeiten. Die Gebrazhofer haben nach einer Niederlage und einem Sieg den Kontakt zum Spitzenreiter verloren und stehen nun unter Zugzwang, damit der Abstand auf den Drittplazierten nicht noch weiter schmilzt.\u00a0 In der Vorrundenbegegnung hatte man gegen die G\u00e4ste einen schweren Stand, und konnte erst gegen Ende noch ein Unentschieden herausholen. Dennoch ist das Ziel der Gebrazhofer, dem Gegner die Grenzen aufzuzeigen. Nat\u00fcrlich ist schwer vorherzusagen, wie sich der SCK mit seinen schwankenden Leistungen in Gebrazhofen pr\u00e4sentieren wird, aber mit der gebotenen Vorstellung vom vergangenen Wochenende sollte man als Sieger vom Platz gehen. Zwischen den Pfosten des SVG-Tores steht Kevin Michael, welcher in der Winterpause vom FC Leutkirch zum SVG wechselte. Au\u00dferdem kann Trainer Schmid wieder auf Julian Wucher zur\u00fcckgreifen, der beruflich verhindert war.<br \/>\n<strong>Spielbeginn ist um 15.00 Uhr.<\/strong><\/p>\n<p>Die zweite Mannschaft hat nach zwei Niederlagen den Kampf um die Meisterschaft wohl fr\u00fchzeitig an den SV Deuchelried verloren. Dennoch sollte das Ziel sein, wieder Abstand auf die Verfolger zu gewinnen. Die teils katastrophale Chancenauswertung mu\u00df abgestellt werden. Dazu ist jedoch von Beginn an h\u00f6chste Konzentration notwendig. Abwehrchef Daniel Wechsel mu\u00df wegen einer gelb-roten Karte vom letzten Spieltag eine Zwangspause einlegen.<br \/>\n<strong>Spielbeginn ist um 13.15 Uhr.<\/strong><\/p>\n","protected":false},"excerpt":{"rendered":"<p>Am Sonntag, den 03.4.16, treffen treffen die Gerbazhofer mit dem SC Kleinhaslach auf einen Absteiger aus der Kreisliga A. Die G\u00e4ste starteten sehr schlecht in die Saison und konnten sich erst im Laufe der Vorrunde den auf jetzigen sechsten Rang &hellip; <a href=\"http:\/\/www.sv-gebrazhofen.de\/?p=2227\">Weiterlesen <span class=\"meta-nav\">&rarr;<\/span><\/a><\/p>\n","protected":false},"author":5,"featured_media":0,"comment_status":"closed","ping_status":"closed","sticky":false,"template":"","format":"standard","meta":{"footnotes":""},"categories":[7],"tags":[],"class_list":["post-2227","post","type-post","status-publish","format-standard","hentry","category-fusball"],"_links":{"self":[{"href":"http:\/\/www.sv-gebrazhofen.de\/index.php?rest_route=\/wp\/v2\/posts\/2227","targetHints":{"allow":["GET"]}}],"collection":[{"href":"http:\/\/www.sv-gebrazhofen.de\/index.php?rest_route=\/wp\/v2\/posts"}],"about":[{"href":"http:\/\/www.sv-gebrazhofen.de\/index.php?rest_route=\/wp\/v2\/types\/post"}],"author":[{"embeddable":true,"href":"http:\/\/www.sv-gebrazhofen.de\/index.php?rest_route=\/wp\/v2\/users\/5"}],"replies":[{"embeddable":true,"href":"http:\/\/www.sv-gebrazhofen.de\/index.php?rest_route=%2Fwp%2Fv2%2Fcomments&post=2227"}],"version-history":[{"count":3,"href":"http:\/\/www.sv-gebrazhofen.de\/index.php?rest_route=\/wp\/v2\/posts\/2227\/revisions"}],"predecessor-version":[{"id":2230,"href":"http:\/\/www.sv-gebrazhofen.de\/index.php?rest_route=\/wp\/v2\/posts\/2227\/revisions\/2230"}],"wp:attachment":[{"href":"http:\/\/www.sv-gebrazhofen.de\/index.php?rest_route=%2Fwp%2Fv2%2Fmedia&parent=2227"}],"wp:term":[{"taxonomy":"category","embeddable":true,"href":"http:\/\/www.sv-gebrazhofen.de\/index.php?rest_route=%2Fwp%2Fv2%2Fcategories&post=2227"},{"taxonomy":"post_tag","embeddable":true,"href":"http:\/\/www.sv-gebrazhofen.de\/index.php?rest_route=%2Fwp%2Fv2%2Ftags&post=2227"}],"curies":[{"name":"wp","href":"https:\/\/api.w.org\/{rel}","templated":true}]}}