{"id":2304,"date":"2016-05-13T22:11:11","date_gmt":"2016-05-13T20:11:11","guid":{"rendered":"http:\/\/www.sv-gebrazhofen.de\/?p=2304"},"modified":"2016-05-13T22:14:33","modified_gmt":"2016-05-13T20:14:33","slug":"k-o-nach-38-sekunden","status":"publish","type":"post","link":"http:\/\/www.sv-gebrazhofen.de\/?p=2304","title":{"rendered":"K.o. nach 38 Sekunden"},"content":{"rendered":"<p><img loading=\"lazy\" decoding=\"async\" class=\"alignnone size-full wp-image-2306\" src=\"http:\/\/www.sv-gebrazhofen.de\/wp-content\/uploads\/2016\/05\/Tkd.jpg\" alt=\"Tkd\" width=\"721\" height=\"300\" srcset=\"http:\/\/www.sv-gebrazhofen.de\/wp-content\/uploads\/2016\/05\/Tkd.jpg 721w, http:\/\/www.sv-gebrazhofen.de\/wp-content\/uploads\/2016\/05\/Tkd-595x248.jpg 595w, http:\/\/www.sv-gebrazhofen.de\/wp-content\/uploads\/2016\/05\/Tkd-500x208.jpg 500w\" sizes=\"auto, (max-width: 721px) 100vw, 721px\" \/><br \/>\nF\u00fcnf K\u00e4mpfer und zwei Betreuer der Abteilung Taekwondo des SV Gebrazhofen machten sich auf den Weg nach Nagold um beim diesj\u00e4hrigen internationalen Schwarzwaldpokal in die Titelk\u00e4mpfe zu starten. Besonderheit bei diesem Turnier war der Einsatz des elektronischen Kopfschutzes welcher in der Regel bis jetzt nur auf gro\u00dfen Turnieren wie Olympia, Weltmeisterschaften oder Europameisterschaften <!--more-->getragen wird. Gleich wie die elektronische Weste registriert dieser spezielle Kopfschutz, Treffer zum Kopf via Sensor und gibt die Daten direkt an den Anzeigebildschirm weiter.<\/p>\n<p>Sarah Weiss startete in ihrer gewohnten Gewichtsklasse und stand im Finale ihrer Gegnerin vom vorherigen Turnier gegen\u00fcber. Sichtlich beeindruckt vom letzten Aufeinandertreffen fand Weiss nicht in ihren Kampfrhythmus und musste sich am Ende ihrer klar \u00fcberlegenen Gegnerin aus Stuttgart beugen. Platz zwei f\u00fcr Sarah Weiss.<\/p>\n<p>Hochmotiviert betrat Emil Miller die Kampffl\u00e4che. Konnte er anfangs noch sehr gute offensive Aktionen kreieren, musste er im Laufe des Kampfes einige ungl\u00fcckliche Kopftreffer hinnehmen. Miller verlor sein Halbfinale und sicherte sich somit Platz drei.<\/p>\n<p>Martha Riedle traf in ihrem Finale auf eine sehr starke und erfahrene Gegnerin. Konnte sich Riedle den ganzen Kampf \u00fcber durch hervorragende Blockarbeit auszeichnen reichte es am Ende doch nicht zu einem Sieg. Platz zwei f\u00fcr Martha Riedle.<\/p>\n<p>Taktisch gut begann Elena Miller in ihrem Finalkampf. Lange Zeit sah es so aus als ob sie sich in F\u00fchrung k\u00e4mpfen k\u00f6nnte. Mit viel Willen attackierte Miller ihre Gegnerin. Doch auch hier war das Ergebnis am Ende klar. Miller verlor ihr Finale und sicherte sich damit den zweiten Platz.<\/p>\n<p>Dass es auch anders geht zeigte die amtierende w\u00fcrttembergische Landesmeisterin Sarah Oer. Bestens vorbereitet, Top eingestellt und hochmotiviert lies Oer in ihrem Finale nichts anbrennen und ging auf Nummer sicher. Nach anf\u00e4nglichem abtasten explodierte Sarah Oer f\u00f6rmlich mit einem Tritt zum Kopf, schlug ihre Gegnerin nach 38 Sekunden Ko und stieg auf Platz eins des Siegertreppchens.<\/p>\n","protected":false},"excerpt":{"rendered":"<p>F\u00fcnf K\u00e4mpfer und zwei Betreuer der Abteilung Taekwondo des SV Gebrazhofen machten sich auf den Weg nach Nagold um beim diesj\u00e4hrigen internationalen Schwarzwaldpokal in die Titelk\u00e4mpfe zu starten. Besonderheit bei diesem Turnier war der Einsatz des elektronischen Kopfschutzes welcher in &hellip; <a href=\"http:\/\/www.sv-gebrazhofen.de\/?p=2304\">Weiterlesen <span class=\"meta-nav\">&rarr;<\/span><\/a><\/p>\n","protected":false},"author":3,"featured_media":0,"comment_status":"closed","ping_status":"closed","sticky":false,"template":"","format":"standard","meta":{"footnotes":""},"categories":[1,4],"tags":[],"class_list":["post-2304","post","type-post","status-publish","format-standard","hentry","category-allgemein","category-taekwondo"],"_links":{"self":[{"href":"http:\/\/www.sv-gebrazhofen.de\/index.php?rest_route=\/wp\/v2\/posts\/2304","targetHints":{"allow":["GET"]}}],"collection":[{"href":"http:\/\/www.sv-gebrazhofen.de\/index.php?rest_route=\/wp\/v2\/posts"}],"about":[{"href":"http:\/\/www.sv-gebrazhofen.de\/index.php?rest_route=\/wp\/v2\/types\/post"}],"author":[{"embeddable":true,"href":"http:\/\/www.sv-gebrazhofen.de\/index.php?rest_route=\/wp\/v2\/users\/3"}],"replies":[{"embeddable":true,"href":"http:\/\/www.sv-gebrazhofen.de\/index.php?rest_route=%2Fwp%2Fv2%2Fcomments&post=2304"}],"version-history":[{"count":3,"href":"http:\/\/www.sv-gebrazhofen.de\/index.php?rest_route=\/wp\/v2\/posts\/2304\/revisions"}],"predecessor-version":[{"id":2308,"href":"http:\/\/www.sv-gebrazhofen.de\/index.php?rest_route=\/wp\/v2\/posts\/2304\/revisions\/2308"}],"wp:attachment":[{"href":"http:\/\/www.sv-gebrazhofen.de\/index.php?rest_route=%2Fwp%2Fv2%2Fmedia&parent=2304"}],"wp:term":[{"taxonomy":"category","embeddable":true,"href":"http:\/\/www.sv-gebrazhofen.de\/index.php?rest_route=%2Fwp%2Fv2%2Fcategories&post=2304"},{"taxonomy":"post_tag","embeddable":true,"href":"http:\/\/www.sv-gebrazhofen.de\/index.php?rest_route=%2Fwp%2Fv2%2Ftags&post=2304"}],"curies":[{"name":"wp","href":"https:\/\/api.w.org\/{rel}","templated":true}]}}