{"id":2383,"date":"2016-08-20T10:12:22","date_gmt":"2016-08-20T08:12:22","guid":{"rendered":"http:\/\/www.sv-gebrazhofen.de\/?p=2383"},"modified":"2016-08-20T12:28:45","modified_gmt":"2016-08-20T10:28:45","slug":"2383","status":"publish","type":"post","link":"http:\/\/www.sv-gebrazhofen.de\/?p=2383","title":{"rendered":"Fu\u00dfballer starten in die neue Saison"},"content":{"rendered":"<p>Nachdem die Gebrazhofer vor zwei Jahren am Saisonende einen beachtlichen dritten Tabellenrang erreichten und in der vergangenen Saison erst im Relegationspiel scheiterten, wollen sie in dieser Saison den Aufstieg schaffen. In einem Artikel der Schw\u00e4bischen Zeitung werden die SVG-ler als der Topfavorit auf den Meistertitel gehandelt, aber die Mannschaft mu\u00df sich im Vergleich zur vergangenen Saison nochmals steigern. Unn\u00f6tige Ausrutscher darf man sich nicht leisten, den sonst fehlen am Ende die ben\u00f6tigten Punkte. Es ist in dieser Saison zwar nicht damit zu\u00a0 rechnen, da\u00df sich ein Team so hervorhebt wie der T\u00fcrk SV Wangen, aber das Niveau der Liga bleibt weiterhin hoch. So sind in dieser Saison mit dem FV RW Weiler und dem SV Maierh\u00f6fen zwei weitere gute Teams als Absteiger aus der Kreisliga A hinzu gekommen, welche bestimmt um den Meistertitel mitspielen wollen. SVG-Trainer Bernd Schmid hat sich f\u00fcr diese Saison den direkten Aufstieg als Ziel gesetzt. Deshalb fordert er von der Mannschaft auch die entsprechende Einstellung und das erforderliche Engagement. Die Gebrazhofer haben in den ersten Partien ein relativ &#8222;leichtes&#8220; Programm zu absolvieren und k\u00f6nnen daher auf einen guten Saisonstart hoffen.<\/p>\n<p><strong>Vorbericht:\u00a0 \u00a0FC Wuchzenhofen &#8211; SV Gebrazhofen<\/strong><\/p>\n<p>Am Sonntag, den 21.08.16, treten die Gebrazhofer im Auftaktspiel beim FC Wuchzenhofen an. Der FC Wuchzenhofen spielte in der letzten Saison einige Zeit in der vorderen Tabellenh\u00e4lfte mit, konnte aber die gute Form nicht \u00fcber die gesamte Saison konservieren. F\u00fcr die Gebrazhofer gilt es, einen Sieg gegen die Gastgeber zu landen, da man als Favorit in die Begegnung geht. Beim letzten Aufeinadertreffen konnte man den FC Wuchzenhofen deutlich die Grenzen aufzeigen. Wenn man um den Meistertitel mitspielen will, m\u00fcssen die Gebrazhofer diesen Gegner klar dominieren, und man mu\u00df auf Sieg spielen. Nachdem in dieser Saison einige der letztj\u00e4hrigen A-Jugend-Spieler zu den Aktiven gesto\u00dfen sind, wird sich das Mannschaftsgef\u00fcge etwas \u00e4ndern. Gebrazhofens Trainer Bernd Schmid ist zuversichtlich, da\u00df er einige dieser Spieler in die erste Mannschaft einbauen kann.<br \/>\n<strong>Spielbeginn ist um 15:00 Uhr.<\/strong><\/p>\n<p>Die zweite Mannschaft lie\u00df gegen Ende der letztj\u00e4hrigen R\u00fcckrunde etwas Federn, konnte sich aber einen guten dritten Tabellenplatz sichern. Auch die &#8222;Zweite&#8220; geht gegen den FC Wuchzenhofen als Favorit ins Spiel und sollte den Gegner beherrschen.<br \/>\n<strong>Spielbeginn ist um 13:15 Uhr.<\/strong><\/p>\n","protected":false},"excerpt":{"rendered":"<p>Nachdem die Gebrazhofer vor zwei Jahren am Saisonende einen beachtlichen dritten Tabellenrang erreichten und in der vergangenen Saison erst im Relegationspiel scheiterten, wollen sie in dieser Saison den Aufstieg schaffen. In einem Artikel der Schw\u00e4bischen Zeitung werden die SVG-ler als &hellip; <a href=\"http:\/\/www.sv-gebrazhofen.de\/?p=2383\">Weiterlesen <span class=\"meta-nav\">&rarr;<\/span><\/a><\/p>\n","protected":false},"author":5,"featured_media":0,"comment_status":"closed","ping_status":"closed","sticky":false,"template":"","format":"standard","meta":{"footnotes":""},"categories":[7],"tags":[],"class_list":["post-2383","post","type-post","status-publish","format-standard","hentry","category-fusball"],"_links":{"self":[{"href":"http:\/\/www.sv-gebrazhofen.de\/index.php?rest_route=\/wp\/v2\/posts\/2383","targetHints":{"allow":["GET"]}}],"collection":[{"href":"http:\/\/www.sv-gebrazhofen.de\/index.php?rest_route=\/wp\/v2\/posts"}],"about":[{"href":"http:\/\/www.sv-gebrazhofen.de\/index.php?rest_route=\/wp\/v2\/types\/post"}],"author":[{"embeddable":true,"href":"http:\/\/www.sv-gebrazhofen.de\/index.php?rest_route=\/wp\/v2\/users\/5"}],"replies":[{"embeddable":true,"href":"http:\/\/www.sv-gebrazhofen.de\/index.php?rest_route=%2Fwp%2Fv2%2Fcomments&post=2383"}],"version-history":[{"count":4,"href":"http:\/\/www.sv-gebrazhofen.de\/index.php?rest_route=\/wp\/v2\/posts\/2383\/revisions"}],"predecessor-version":[{"id":2395,"href":"http:\/\/www.sv-gebrazhofen.de\/index.php?rest_route=\/wp\/v2\/posts\/2383\/revisions\/2395"}],"wp:attachment":[{"href":"http:\/\/www.sv-gebrazhofen.de\/index.php?rest_route=%2Fwp%2Fv2%2Fmedia&parent=2383"}],"wp:term":[{"taxonomy":"category","embeddable":true,"href":"http:\/\/www.sv-gebrazhofen.de\/index.php?rest_route=%2Fwp%2Fv2%2Fcategories&post=2383"},{"taxonomy":"post_tag","embeddable":true,"href":"http:\/\/www.sv-gebrazhofen.de\/index.php?rest_route=%2Fwp%2Fv2%2Ftags&post=2383"}],"curies":[{"name":"wp","href":"https:\/\/api.w.org\/{rel}","templated":true}]}}