{"id":2606,"date":"2016-11-19T22:17:03","date_gmt":"2016-11-19T20:17:03","guid":{"rendered":"http:\/\/www.sv-gebrazhofen.de\/?p=2606"},"modified":"2016-11-19T22:21:03","modified_gmt":"2016-11-19T20:21:03","slug":"sarah-oer-erkaempft-sich-baden-wuerttembergischen-vize-meistertitel","status":"publish","type":"post","link":"http:\/\/www.sv-gebrazhofen.de\/?p=2606","title":{"rendered":"Sarah Oer erk\u00e4mpft sich Baden- W\u00fcrttembergischen Vize-Meistertitel"},"content":{"rendered":"<p><img loading=\"lazy\" decoding=\"async\" class=\"alignnone size-full wp-image-2607\" src=\"http:\/\/www.sv-gebrazhofen.de\/wp-content\/uploads\/2016\/11\/oer-tkd.jpg\" alt=\"oer-tkd\" width=\"168\" height=\"300\" \/><br \/>\nBei der diesj\u00e4hrigen Baden- W\u00fcrttembergischen Meisterschaft im Vollkontakt Taekwondo in Biberach startete Sarah Oer von der Abteilung Taekwondo des SV Gebrazhofen.\u00dcber 300 Teilnehmer gingen auf die Kampffl\u00e4che um den Baden- W\u00fcrttembergischen Meistertitel zu erringen.<br \/>\nGebrazhofens derzeitiger Erfolgsgarant k\u00e4mpfte zum ersten <!--more-->Mal in der Leistungsklasse 1 (Blaugurt bis Schwarzgurt).<\/p>\n<p>Nachdem sie bereits in der Leistungsklasse 2 (Gelbgurt bis Gr\u00fcnblaugurt) zweimal auf der obersten Stufe des Siegertreppchens der W\u00fcrttembergischen Meisterschaft stand, \u00fcberzeugte Oer ebenfalls in dieser neuen Leistungsklasse und gewann ihren Auftaktkampf fulminant nach nur 28 Sekunden. Beim Punktestand von 4:0 gab ihre Gegnerin aus Ulm nach einem starken Kopftreffer auf.<\/p>\n<p>Das Finale gestaltete sich schwieriger. Sarah sah sich einer starken und erfahrenen Gegnerin aus Stuttgart gegen\u00fcber. Das junge Gebrazhofer Nachwuchstalent schlug sich tapfer und es gelang Oer die Taktik ihrer Gegnerin f\u00fcr die H\u00e4lfte der drei Kampfrunden zu st\u00f6ren. Im Verlauf des Kampfes konnte Sarah einen klaren Kopftreffer mit einem schnellen Tritt setzen, welcher jedoch von den Punkterichtern nicht gewertet wurde. Am Ende musste sich Sarah Oer geschlagen geben und unterlag 2:15. Sarah erk\u00e4mpfte sich den Baden- W\u00fcrttembergischen Vizemeistertitel.<\/p>\n","protected":false},"excerpt":{"rendered":"<p>Bei der diesj\u00e4hrigen Baden- W\u00fcrttembergischen Meisterschaft im Vollkontakt Taekwondo in Biberach startete Sarah Oer von der Abteilung Taekwondo des SV Gebrazhofen.\u00dcber 300 Teilnehmer gingen auf die Kampffl\u00e4che um den Baden- W\u00fcrttembergischen Meistertitel zu erringen. Gebrazhofens derzeitiger Erfolgsgarant k\u00e4mpfte zum ersten<\/p>\n","protected":false},"author":3,"featured_media":0,"comment_status":"closed","ping_status":"closed","sticky":false,"template":"","format":"standard","meta":{"footnotes":""},"categories":[1],"tags":[],"class_list":["post-2606","post","type-post","status-publish","format-standard","hentry","category-allgemein"],"_links":{"self":[{"href":"http:\/\/www.sv-gebrazhofen.de\/index.php?rest_route=\/wp\/v2\/posts\/2606","targetHints":{"allow":["GET"]}}],"collection":[{"href":"http:\/\/www.sv-gebrazhofen.de\/index.php?rest_route=\/wp\/v2\/posts"}],"about":[{"href":"http:\/\/www.sv-gebrazhofen.de\/index.php?rest_route=\/wp\/v2\/types\/post"}],"author":[{"embeddable":true,"href":"http:\/\/www.sv-gebrazhofen.de\/index.php?rest_route=\/wp\/v2\/users\/3"}],"replies":[{"embeddable":true,"href":"http:\/\/www.sv-gebrazhofen.de\/index.php?rest_route=%2Fwp%2Fv2%2Fcomments&post=2606"}],"version-history":[{"count":2,"href":"http:\/\/www.sv-gebrazhofen.de\/index.php?rest_route=\/wp\/v2\/posts\/2606\/revisions"}],"predecessor-version":[{"id":2611,"href":"http:\/\/www.sv-gebrazhofen.de\/index.php?rest_route=\/wp\/v2\/posts\/2606\/revisions\/2611"}],"wp:attachment":[{"href":"http:\/\/www.sv-gebrazhofen.de\/index.php?rest_route=%2Fwp%2Fv2%2Fmedia&parent=2606"}],"wp:term":[{"taxonomy":"category","embeddable":true,"href":"http:\/\/www.sv-gebrazhofen.de\/index.php?rest_route=%2Fwp%2Fv2%2Fcategories&post=2606"},{"taxonomy":"post_tag","embeddable":true,"href":"http:\/\/www.sv-gebrazhofen.de\/index.php?rest_route=%2Fwp%2Fv2%2Ftags&post=2606"}],"curies":[{"name":"wp","href":"https:\/\/api.w.org\/{rel}","templated":true}]}}