{"id":2643,"date":"2016-12-02T17:49:48","date_gmt":"2016-12-02T15:49:48","guid":{"rendered":"http:\/\/www.sv-gebrazhofen.de\/?p=2643"},"modified":"2016-12-02T17:51:19","modified_gmt":"2016-12-02T15:51:19","slug":"tkd-farbgurtpruefung-in-gebrazhofen","status":"publish","type":"post","link":"http:\/\/www.sv-gebrazhofen.de\/?p=2643","title":{"rendered":"Tkd &#8211; Farbgurtpr\u00fcfung in Gebrazhofen"},"content":{"rendered":"<p><img loading=\"lazy\" decoding=\"async\" class=\"alignnone size-full wp-image-2644\" src=\"http:\/\/www.sv-gebrazhofen.de\/wp-content\/uploads\/2016\/12\/2016_11_Kuppr\u00fcfung-108.jpg\" alt=\"2016_11_kuppruefung-108\" width=\"780\" height=\"328\" srcset=\"http:\/\/www.sv-gebrazhofen.de\/wp-content\/uploads\/2016\/12\/2016_11_Kuppr\u00fcfung-108.jpg 780w, http:\/\/www.sv-gebrazhofen.de\/wp-content\/uploads\/2016\/12\/2016_11_Kuppr\u00fcfung-108-595x250.jpg 595w, http:\/\/www.sv-gebrazhofen.de\/wp-content\/uploads\/2016\/12\/2016_11_Kuppr\u00fcfung-108-500x210.jpg 500w\" sizes=\"auto, (max-width: 780px) 100vw, 780px\" \/><\/p>\n<p>Vergangenen Freitag, den 25.11.2016, fand in der Abteilung Taekwondo des SV Gebrazhofen e.V. die Zweite und somit letzte G\u00fcrtelpr\u00fcfung im Jahr 2016 statt. Durchgef\u00fchrt wurde die Pr\u00fcfung von DTU Pr\u00fcfer, Thomas Steible. Alle 24 Teilnehmer konnten bestehen. Durch besonders g<!--more-->ute Leistung wurde bei den Kindern, Movsar Sulimanov und bei den Jugendlichen\/ Erwachsenen, Sarah Oer, mit dem Titel des Pr\u00fcfungsbesten pr\u00e4miert.<\/p>\n<p><strong>Zum Wei\u00dfgelb Gurt bestanden haben:<\/strong><\/p>\n<p>Jana Heinz, Aischa Sulimanov, Bakri Aghyourli<\/p>\n<p><strong>Zum Gelbgurt bestanden haben:<\/strong><\/p>\n<p>Seo Yeon Yu, Fabian Rein, Movsar Sulimanov, Mohamad Sulimanov, Lena Knittel, Max Seyfried, Aaron Altenried, Arven Altenried, Lavinia Kiechle, Laura Braun, Paul Bernhard, Luca Hengge<\/p>\n<p><strong>Zum Blaugurt bestanden haben:<\/strong><\/p>\n<p>Fabian Reck, Roman Sch\u00e4dler, Frank Schuck, Theresa Stohr, Mario Weiss<\/p>\n<p><strong>Zum Blaurot Gurt bestanden hat:<\/strong><\/p>\n<p>Sarah Oer<\/p>\n<p><strong>Zum Rotschwarz Gurt bestanden haben:<\/strong><\/p>\n<p>Sarah Weiss, Leonie Graf, Emil Miller<\/p>\n","protected":false},"excerpt":{"rendered":"<p>Vergangenen Freitag, den 25.11.2016, fand in der Abteilung Taekwondo des SV Gebrazhofen e.V. die Zweite und somit letzte G\u00fcrtelpr\u00fcfung im Jahr 2016 statt. Durchgef\u00fchrt wurde die Pr\u00fcfung von DTU Pr\u00fcfer, Thomas Steible. Alle 24 Teilnehmer konnten bestehen. Durch besonders g<\/p>\n","protected":false},"author":3,"featured_media":0,"comment_status":"closed","ping_status":"closed","sticky":false,"template":"","format":"standard","meta":{"footnotes":""},"categories":[4],"tags":[],"class_list":["post-2643","post","type-post","status-publish","format-standard","hentry","category-taekwondo"],"_links":{"self":[{"href":"http:\/\/www.sv-gebrazhofen.de\/index.php?rest_route=\/wp\/v2\/posts\/2643","targetHints":{"allow":["GET"]}}],"collection":[{"href":"http:\/\/www.sv-gebrazhofen.de\/index.php?rest_route=\/wp\/v2\/posts"}],"about":[{"href":"http:\/\/www.sv-gebrazhofen.de\/index.php?rest_route=\/wp\/v2\/types\/post"}],"author":[{"embeddable":true,"href":"http:\/\/www.sv-gebrazhofen.de\/index.php?rest_route=\/wp\/v2\/users\/3"}],"replies":[{"embeddable":true,"href":"http:\/\/www.sv-gebrazhofen.de\/index.php?rest_route=%2Fwp%2Fv2%2Fcomments&post=2643"}],"version-history":[{"count":2,"href":"http:\/\/www.sv-gebrazhofen.de\/index.php?rest_route=\/wp\/v2\/posts\/2643\/revisions"}],"predecessor-version":[{"id":2646,"href":"http:\/\/www.sv-gebrazhofen.de\/index.php?rest_route=\/wp\/v2\/posts\/2643\/revisions\/2646"}],"wp:attachment":[{"href":"http:\/\/www.sv-gebrazhofen.de\/index.php?rest_route=%2Fwp%2Fv2%2Fmedia&parent=2643"}],"wp:term":[{"taxonomy":"category","embeddable":true,"href":"http:\/\/www.sv-gebrazhofen.de\/index.php?rest_route=%2Fwp%2Fv2%2Fcategories&post=2643"},{"taxonomy":"post_tag","embeddable":true,"href":"http:\/\/www.sv-gebrazhofen.de\/index.php?rest_route=%2Fwp%2Fv2%2Ftags&post=2643"}],"curies":[{"name":"wp","href":"https:\/\/api.w.org\/{rel}","templated":true}]}}