{"id":2909,"date":"2017-08-31T19:41:24","date_gmt":"2017-08-31T17:41:24","guid":{"rendered":"http:\/\/www.sv-gebrazhofen.de\/?p=2909"},"modified":"2017-08-31T19:41:24","modified_gmt":"2017-08-31T17:41:24","slug":"vorbericht-sv-gebrazhofen-fv-rw-weiler-ii-2","status":"publish","type":"post","link":"http:\/\/www.sv-gebrazhofen.de\/?p=2909","title":{"rendered":"Vorbericht: SV Gebrazhofen &#8211; FV RW Weiler II"},"content":{"rendered":"<p>Am kommenden Sonntag, den 03.09.17, treffen die Gebrazhofer im ersten Heimspiel der neuen Saison auf den FV RW Weiler II. Nach dem erfreulichen Saisonauftakt der Gebrazhofer beim SC Kleinhaslach steht den SVG-lern aber wohl ein anderes Kaliber gegen\u00fcber. Die G\u00e4ste aus Weiler haben zwar ihr Auftaktspiel zuhause gegen den SV Arnach verloren, aber der FV wird nach der letztj\u00e4hrig eher durchwachsenen Saison einen Platz in der vorderen Tabellenregion anstreben. F\u00fcr die Gebrazhofer ist in dieser Saison das Ziel, den direkten Aufstieg zu schaffen. Deshalb d\u00fcrfen die Gebrazhofer nicht schon zu Saisonbeginn unn\u00f6tig Punkte liegen lassen. Mit einer \u00e4hnlichen Vorstellung wie am vergangenen Wochenende sollte der FV RW Weiler jedoch zu schlagen sein. Obwohl die SVG-ler in dieser Saison mit Ralf Boneberger und Raphael Ajayi (Karriereende) sowie Julian Wucher (Wechsel zum TSV Heimenkirch) drei Stammspieler verloren haben, hat sich gezeigt, dass die nachr\u00fcckenden Spieler die L\u00fccken schlie\u00dfen k\u00f6nnen. Erfreulich ist, dass SVG-St\u00fcrmer Martin Riedle zum richtigen Zeitpunkt sein Tief wohl \u00fcberwunden hat und mit bereits drei Toren die Torsch\u00fctzenliste anf\u00fchrt. Die Abwehr steht solide, und mit Werner Baumann und Moritz Marka hat Trainer Bernd Schmid wohl schon die richtigen Innenverteidiger gefunden. Patrick Wiedenmann und Matthias Maucher erg\u00e4nzen sich auf der \u201cDoppelsechs\u201d gut, und auf den Au\u00dfenpositionen sorgen die Gebr\u00fcder Riess f\u00fcr ordentlich Wirbel. In den Offensivaktionen konnten die Gebrazhofer am letzten Wochenende \u00fcberzeugen, was sich auch in der guten Chancenauswertung zeigte. Ein Fragezeichen steht leider noch hinter dem Einsatz von Timo Riess, der in Kleinhaslach nach einem groben Foulspiel verletzt ausscheiden mu\u00dfte.<br \/>\n<strong>Spielbeginn ist um 15:00 Uhr.<\/strong><\/p>\n<p>Die zweite Mannschaft hat spielfrei.<\/p>\n","protected":false},"excerpt":{"rendered":"<p>Am kommenden Sonntag, den 03.09.17, treffen die Gebrazhofer im ersten Heimspiel der neuen Saison auf den FV RW Weiler II. Nach dem erfreulichen Saisonauftakt der Gebrazhofer beim SC Kleinhaslach steht den SVG-lern aber wohl ein anderes Kaliber gegen\u00fcber. Die G\u00e4ste &hellip; <a href=\"http:\/\/www.sv-gebrazhofen.de\/?p=2909\">Weiterlesen <span class=\"meta-nav\">&rarr;<\/span><\/a><\/p>\n","protected":false},"author":5,"featured_media":0,"comment_status":"closed","ping_status":"closed","sticky":false,"template":"","format":"standard","meta":{"footnotes":""},"categories":[7],"tags":[],"class_list":["post-2909","post","type-post","status-publish","format-standard","hentry","category-fusball"],"_links":{"self":[{"href":"http:\/\/www.sv-gebrazhofen.de\/index.php?rest_route=\/wp\/v2\/posts\/2909","targetHints":{"allow":["GET"]}}],"collection":[{"href":"http:\/\/www.sv-gebrazhofen.de\/index.php?rest_route=\/wp\/v2\/posts"}],"about":[{"href":"http:\/\/www.sv-gebrazhofen.de\/index.php?rest_route=\/wp\/v2\/types\/post"}],"author":[{"embeddable":true,"href":"http:\/\/www.sv-gebrazhofen.de\/index.php?rest_route=\/wp\/v2\/users\/5"}],"replies":[{"embeddable":true,"href":"http:\/\/www.sv-gebrazhofen.de\/index.php?rest_route=%2Fwp%2Fv2%2Fcomments&post=2909"}],"version-history":[{"count":1,"href":"http:\/\/www.sv-gebrazhofen.de\/index.php?rest_route=\/wp\/v2\/posts\/2909\/revisions"}],"predecessor-version":[{"id":2910,"href":"http:\/\/www.sv-gebrazhofen.de\/index.php?rest_route=\/wp\/v2\/posts\/2909\/revisions\/2910"}],"wp:attachment":[{"href":"http:\/\/www.sv-gebrazhofen.de\/index.php?rest_route=%2Fwp%2Fv2%2Fmedia&parent=2909"}],"wp:term":[{"taxonomy":"category","embeddable":true,"href":"http:\/\/www.sv-gebrazhofen.de\/index.php?rest_route=%2Fwp%2Fv2%2Fcategories&post=2909"},{"taxonomy":"post_tag","embeddable":true,"href":"http:\/\/www.sv-gebrazhofen.de\/index.php?rest_route=%2Fwp%2Fv2%2Ftags&post=2909"}],"curies":[{"name":"wp","href":"https:\/\/api.w.org\/{rel}","templated":true}]}}