{"id":3050,"date":"2017-11-18T15:37:07","date_gmt":"2017-11-18T13:37:07","guid":{"rendered":"http:\/\/www.sv-gebrazhofen.de\/?p=3050"},"modified":"2017-11-18T15:42:18","modified_gmt":"2017-11-18T13:42:18","slug":"erwin-riedle-hat-es-geschafft-erfolg-in-karlsruhe","status":"publish","type":"post","link":"http:\/\/www.sv-gebrazhofen.de\/?p=3050","title":{"rendered":"Erwin Riedle hat es geschafft! Erfolg in Karlsruhe"},"content":{"rendered":"<p><img loading=\"lazy\" decoding=\"async\" src=\"http:\/\/www.sv-gebrazhofen.de\/wp-content\/uploads\/2017\/11\/img_0100.jpg\" height=\"905\" class=\"wp-image-3049\" width=\"1676\" srcset=\"http:\/\/www.sv-gebrazhofen.de\/wp-content\/uploads\/2017\/11\/img_0100.jpg 1676w, http:\/\/www.sv-gebrazhofen.de\/wp-content\/uploads\/2017\/11\/img_0100-595x321.jpg 595w, http:\/\/www.sv-gebrazhofen.de\/wp-content\/uploads\/2017\/11\/img_0100-768x415.jpg 768w, http:\/\/www.sv-gebrazhofen.de\/wp-content\/uploads\/2017\/11\/img_0100-960x518.jpg 960w, http:\/\/www.sv-gebrazhofen.de\/wp-content\/uploads\/2017\/11\/img_0100-500x270.jpg 500w\" sizes=\"auto, (max-width: 1676px) 100vw, 1676px\" \/>Im Juli hatte er noch das Pech, wegen eines nicht gebrochenen Brettes, die Schwarzgurt-Pr\u00fcfung nicht zu bestehen. Nun hat Erwin Riedle in Karlsruhe den Sack zu gemacht und sich den 1. Dan gesichert. Er \u00fcberzeugte die Pr\u00fcfer vom Landesverband und kann sich nun in die mittlerweile 16-k\u00f6pfige gebrazhofener Schwarzgurtriege einreihen.<\/p>\n","protected":false},"excerpt":{"rendered":"<p>Im Juli hatte er noch das Pech, wegen eines nicht gebrochenen Brettes, die Schwarzgurt-Pr\u00fcfung nicht zu bestehen. Nun hat Erwin Riedle in Karlsruhe den Sack zu gemacht und sich den 1. Dan gesichert. Er \u00fcberzeugte die Pr\u00fcfer vom Landesverband und &hellip; <a href=\"http:\/\/www.sv-gebrazhofen.de\/?p=3050\">Weiterlesen <span class=\"meta-nav\">&rarr;<\/span><\/a><\/p>\n","protected":false},"author":3,"featured_media":0,"comment_status":"closed","ping_status":"closed","sticky":false,"template":"","format":"standard","meta":{"footnotes":""},"categories":[1,4],"tags":[],"class_list":["post-3050","post","type-post","status-publish","format-standard","hentry","category-allgemein","category-taekwondo"],"_links":{"self":[{"href":"http:\/\/www.sv-gebrazhofen.de\/index.php?rest_route=\/wp\/v2\/posts\/3050","targetHints":{"allow":["GET"]}}],"collection":[{"href":"http:\/\/www.sv-gebrazhofen.de\/index.php?rest_route=\/wp\/v2\/posts"}],"about":[{"href":"http:\/\/www.sv-gebrazhofen.de\/index.php?rest_route=\/wp\/v2\/types\/post"}],"author":[{"embeddable":true,"href":"http:\/\/www.sv-gebrazhofen.de\/index.php?rest_route=\/wp\/v2\/users\/3"}],"replies":[{"embeddable":true,"href":"http:\/\/www.sv-gebrazhofen.de\/index.php?rest_route=%2Fwp%2Fv2%2Fcomments&post=3050"}],"version-history":[{"count":5,"href":"http:\/\/www.sv-gebrazhofen.de\/index.php?rest_route=\/wp\/v2\/posts\/3050\/revisions"}],"predecessor-version":[{"id":3055,"href":"http:\/\/www.sv-gebrazhofen.de\/index.php?rest_route=\/wp\/v2\/posts\/3050\/revisions\/3055"}],"wp:attachment":[{"href":"http:\/\/www.sv-gebrazhofen.de\/index.php?rest_route=%2Fwp%2Fv2%2Fmedia&parent=3050"}],"wp:term":[{"taxonomy":"category","embeddable":true,"href":"http:\/\/www.sv-gebrazhofen.de\/index.php?rest_route=%2Fwp%2Fv2%2Fcategories&post=3050"},{"taxonomy":"post_tag","embeddable":true,"href":"http:\/\/www.sv-gebrazhofen.de\/index.php?rest_route=%2Fwp%2Fv2%2Ftags&post=3050"}],"curies":[{"name":"wp","href":"https:\/\/api.w.org\/{rel}","templated":true}]}}