{"id":3535,"date":"2019-01-28T10:44:59","date_gmt":"2019-01-28T08:44:59","guid":{"rendered":"http:\/\/www.sv-gebrazhofen.de\/?p=3535"},"modified":"2019-02-12T20:46:26","modified_gmt":"2019-02-12T18:46:26","slug":"bisher-20-schwarzgurte-ausgebildet","status":"publish","type":"post","link":"http:\/\/www.sv-gebrazhofen.de\/?p=3535","title":{"rendered":"Bisher 21 Schwarzgurte ausgebildet!!"},"content":{"rendered":"<p style=\"padding-left: 30px;\">&nbsp;<\/p>\n<p><img loading=\"lazy\" decoding=\"async\" class=\"alignnone wp-image-3536 size-full aligncenter\" src=\"http:\/\/www.sv-gebrazhofen.de\/wp-content\/uploads\/2019\/01\/IMG_0439.jpeg\" alt=\"\" width=\"600\" height=\"270\" srcset=\"http:\/\/www.sv-gebrazhofen.de\/wp-content\/uploads\/2019\/01\/IMG_0439.jpeg 600w, http:\/\/www.sv-gebrazhofen.de\/wp-content\/uploads\/2019\/01\/IMG_0439-595x268.jpeg 595w, http:\/\/www.sv-gebrazhofen.de\/wp-content\/uploads\/2019\/01\/IMG_0439-500x225.jpeg 500w\" sizes=\"auto, (max-width: 600px) 100vw, 600px\" \/><br \/>\nIn nicht mal mehr als zwei Monaten findet die Landesdanpr\u00fcfung in Wuchzenhofen statt. Aktuell bereiten sich 6 Sportler des TKD Gebrazhofen akribisch auf diese Pr\u00fcfung vor, um ihren ersten bzw. n\u00e4chste Dan-Grad zu erhalten.<br \/>\nZeit um zur\u00fcckzublicken. Bisher wurden <strong>21&nbsp;<\/strong>Sportler des SVG Gebrazhofen bis zum Schwarzgurt ausgebildet. Davon <strong>5<\/strong> zum dritten, <strong>3<\/strong> zum zweiten und <strong>13<\/strong> zum ersten Dan.<br \/>\nMitte M\u00e4rz wollen sich 6 weitere Gebrazhofener in diese Liste einreihen.<br \/>\nWer sie bei der Pr\u00fcfung erleben will, einfach am <strong>17.03.2019 ab 11:30&nbsp;<\/strong>in der Sporthalle Wuchzenhofen vorbeischauen!<\/p>\n","protected":false},"excerpt":{"rendered":"<p>&nbsp; In nicht mal mehr als zwei Monaten findet die Landesdanpr\u00fcfung in Wuchzenhofen statt. Aktuell bereiten sich 6 Sportler des TKD Gebrazhofen akribisch auf diese Pr\u00fcfung vor, um ihren ersten bzw. n\u00e4chste Dan-Grad zu erhalten. Zeit um zur\u00fcckzublicken. Bisher wurden &hellip; <a href=\"http:\/\/www.sv-gebrazhofen.de\/?p=3535\">Weiterlesen <span class=\"meta-nav\">&rarr;<\/span><\/a><\/p>\n","protected":false},"author":3,"featured_media":0,"comment_status":"closed","ping_status":"closed","sticky":false,"template":"","format":"standard","meta":{"footnotes":""},"categories":[4],"tags":[],"class_list":["post-3535","post","type-post","status-publish","format-standard","hentry","category-taekwondo"],"_links":{"self":[{"href":"http:\/\/www.sv-gebrazhofen.de\/index.php?rest_route=\/wp\/v2\/posts\/3535","targetHints":{"allow":["GET"]}}],"collection":[{"href":"http:\/\/www.sv-gebrazhofen.de\/index.php?rest_route=\/wp\/v2\/posts"}],"about":[{"href":"http:\/\/www.sv-gebrazhofen.de\/index.php?rest_route=\/wp\/v2\/types\/post"}],"author":[{"embeddable":true,"href":"http:\/\/www.sv-gebrazhofen.de\/index.php?rest_route=\/wp\/v2\/users\/3"}],"replies":[{"embeddable":true,"href":"http:\/\/www.sv-gebrazhofen.de\/index.php?rest_route=%2Fwp%2Fv2%2Fcomments&post=3535"}],"version-history":[{"count":6,"href":"http:\/\/www.sv-gebrazhofen.de\/index.php?rest_route=\/wp\/v2\/posts\/3535\/revisions"}],"predecessor-version":[{"id":3555,"href":"http:\/\/www.sv-gebrazhofen.de\/index.php?rest_route=\/wp\/v2\/posts\/3535\/revisions\/3555"}],"wp:attachment":[{"href":"http:\/\/www.sv-gebrazhofen.de\/index.php?rest_route=%2Fwp%2Fv2%2Fmedia&parent=3535"}],"wp:term":[{"taxonomy":"category","embeddable":true,"href":"http:\/\/www.sv-gebrazhofen.de\/index.php?rest_route=%2Fwp%2Fv2%2Fcategories&post=3535"},{"taxonomy":"post_tag","embeddable":true,"href":"http:\/\/www.sv-gebrazhofen.de\/index.php?rest_route=%2Fwp%2Fv2%2Ftags&post=3535"}],"curies":[{"name":"wp","href":"https:\/\/api.w.org\/{rel}","templated":true}]}}