{"id":3563,"date":"2019-03-18T14:43:37","date_gmt":"2019-03-18T12:43:37","guid":{"rendered":"http:\/\/www.sv-gebrazhofen.de\/?p=3563"},"modified":"2019-03-19T19:47:18","modified_gmt":"2019-03-19T17:47:18","slug":"6-neue-dan-traeger-beim-sv-gebrazhofen","status":"publish","type":"post","link":"http:\/\/www.sv-gebrazhofen.de\/?p=3563","title":{"rendered":"6 neue Dan-Tr\u00e4ger beim SV Gebrazhofen"},"content":{"rendered":"<p style=\"text-align: justify;\"><img loading=\"lazy\" decoding=\"async\" class=\"alignnone size-large wp-image-3564\" src=\"http:\/\/www.sv-gebrazhofen.de\/wp-content\/uploads\/2019\/03\/2cd58ed7-3eee-4797-9b19-b48b39ab0071-960x519.jpg\" alt=\"\" width=\"584\" height=\"316\" srcset=\"http:\/\/www.sv-gebrazhofen.de\/wp-content\/uploads\/2019\/03\/2cd58ed7-3eee-4797-9b19-b48b39ab0071-960x519.jpg 960w, http:\/\/www.sv-gebrazhofen.de\/wp-content\/uploads\/2019\/03\/2cd58ed7-3eee-4797-9b19-b48b39ab0071-595x321.jpg 595w, http:\/\/www.sv-gebrazhofen.de\/wp-content\/uploads\/2019\/03\/2cd58ed7-3eee-4797-9b19-b48b39ab0071-768x415.jpg 768w, http:\/\/www.sv-gebrazhofen.de\/wp-content\/uploads\/2019\/03\/2cd58ed7-3eee-4797-9b19-b48b39ab0071-500x270.jpg 500w, http:\/\/www.sv-gebrazhofen.de\/wp-content\/uploads\/2019\/03\/2cd58ed7-3eee-4797-9b19-b48b39ab0071.jpg 1470w\" sizes=\"auto, (max-width: 584px) 100vw, 584px\" \/><br \/>\nF\u00fcr 6 gebrazhofener Sportler gingen am Sonntag drei sehr intensive Monate der Vorbereitung auf ihren ersten beziehungsweise n\u00e4chsten Dan-Grad erfolgreich zu Ende. In Wuchzenhofen fand die erste Dan-Pr\u00fcfung 2019 des Landesverbandes Baden-W\u00fcrttemberg statt. Gemeinsam mit den Sportler der Vereine Wuchzenhofen und Kimratshofen bereiteten sich die Gebrazhofener mit ihren Trainern auf dieses Highlight eines jeden Kampfsportlers vor.<\/p>\n<p style=\"text-align: justify;\">Angereist waren am Samstag dann insgesamt 27 Sportler aus dem ganzen Bundesland. Allein 16 davon kamen aus den Partnervereinen Gebrazhofen\/Wuchzenhofen\/Kimratshofen. In famili\u00e4rer Atmosph\u00e4re und super organisiert hies der TKD Wuchzenhofen alle willkommen und sorgte f\u00fcr einen tollen Rahmen. Die Pr\u00fcfungskommission, bestehend aus Landespr\u00e4sident Wolfgang Br\u00fcckel (9. Dan\/Karlsruhe), Landeskampfrichter-Obmann Rudolf Krupka (6. Dan\/Kirchheim) und dem ehemaligen Landestrainer Cataldo Credo (8. Dan\/T\u00fcbingen), fand dementsprechend schon am Anfang lobende Worte f\u00fcr den ausrichtenden Verein.<\/p>\n<p style=\"text-align: left;\">Was dann folgte, war nicht weniger als eine Top-Darbietung der einzelnen Facetten des Taekwondo. Angefangen beim Formenlauf, \u00fcber Selbstverteidigung und Einschrittkampf hin zu Wettkampf und Bruchtest. Die Gebrazhofener liesen nichts anbrennen und \u00fcberzeugten in allen Bereichen mit teils \u00fcberragenden Leistungen. Auch die Teilnehmer aus den anderen Vereinen konnten \u00fcberzeugen.<\/p>\n<p style=\"text-align: justify;\">So fand am Ende die Pr\u00fcfungskommission seltene eindeutig lobende Worte mit dem Fazit \u201e\u2026dass das die beste Pr\u00fcfung seit 10 Jahren war\u2026!\u201c Dementsprechend konnten alle Teilnehmer ihre Urkunde in Empfang nehmen.<\/p>\n<p style=\"text-align: left;\">Mit dem bestehen der Pr\u00fcfung haben sich folgende gebrazhofener Sportler ihren Traum vom Schwarzgurt erf\u00fcllt:<\/p>\n<p style=\"text-align: left;\">Zum ersten Dan:<br \/>\n\u2013 Ronja Grau<br \/>\n\u2013 David Schneider<br \/>\n\u2013 Christina Blo\u00df<br \/>\n\u2013 Sarah Oer<br \/>\n\u2013 Silvia Riedle<\/p>\n<p style=\"text-align: justify;\">Zum dritten Dan:<br \/>\n\u2013 Janina Moosmann<\/p>\n<p style=\"text-align: justify;\">Gl\u00fcckwunsch an alle w\u00fcnscht das Trainerteam des TKD Gebrazhofen!!<\/p>\n","protected":false},"excerpt":{"rendered":"<p>F\u00fcr 6 gebrazhofener Sportler gingen am Sonntag drei sehr intensive Monate der Vorbereitung auf ihren ersten beziehungsweise n\u00e4chsten Dan-Grad erfolgreich zu Ende. In Wuchzenhofen fand die erste Dan-Pr\u00fcfung 2019 des Landesverbandes Baden-W\u00fcrttemberg statt. Gemeinsam mit den Sportler der Vereine Wuchzenhofen &hellip; <a href=\"http:\/\/www.sv-gebrazhofen.de\/?p=3563\">Weiterlesen <span class=\"meta-nav\">&rarr;<\/span><\/a><\/p>\n","protected":false},"author":1,"featured_media":0,"comment_status":"closed","ping_status":"closed","sticky":false,"template":"","format":"standard","meta":{"footnotes":""},"categories":[4],"tags":[],"class_list":["post-3563","post","type-post","status-publish","format-standard","hentry","category-taekwondo"],"_links":{"self":[{"href":"http:\/\/www.sv-gebrazhofen.de\/index.php?rest_route=\/wp\/v2\/posts\/3563","targetHints":{"allow":["GET"]}}],"collection":[{"href":"http:\/\/www.sv-gebrazhofen.de\/index.php?rest_route=\/wp\/v2\/posts"}],"about":[{"href":"http:\/\/www.sv-gebrazhofen.de\/index.php?rest_route=\/wp\/v2\/types\/post"}],"author":[{"embeddable":true,"href":"http:\/\/www.sv-gebrazhofen.de\/index.php?rest_route=\/wp\/v2\/users\/1"}],"replies":[{"embeddable":true,"href":"http:\/\/www.sv-gebrazhofen.de\/index.php?rest_route=%2Fwp%2Fv2%2Fcomments&post=3563"}],"version-history":[{"count":4,"href":"http:\/\/www.sv-gebrazhofen.de\/index.php?rest_route=\/wp\/v2\/posts\/3563\/revisions"}],"predecessor-version":[{"id":3568,"href":"http:\/\/www.sv-gebrazhofen.de\/index.php?rest_route=\/wp\/v2\/posts\/3563\/revisions\/3568"}],"wp:attachment":[{"href":"http:\/\/www.sv-gebrazhofen.de\/index.php?rest_route=%2Fwp%2Fv2%2Fmedia&parent=3563"}],"wp:term":[{"taxonomy":"category","embeddable":true,"href":"http:\/\/www.sv-gebrazhofen.de\/index.php?rest_route=%2Fwp%2Fv2%2Fcategories&post=3563"},{"taxonomy":"post_tag","embeddable":true,"href":"http:\/\/www.sv-gebrazhofen.de\/index.php?rest_route=%2Fwp%2Fv2%2Ftags&post=3563"}],"curies":[{"name":"wp","href":"https:\/\/api.w.org\/{rel}","templated":true}]}}