{"id":3579,"date":"2019-04-07T14:26:33","date_gmt":"2019-04-07T12:26:33","guid":{"rendered":"http:\/\/www.sv-gebrazhofen.de\/?p=3579"},"modified":"2019-04-07T14:26:33","modified_gmt":"2019-04-07T12:26:33","slug":"kooperation-schule","status":"publish","type":"post","link":"http:\/\/www.sv-gebrazhofen.de\/?p=3579","title":{"rendered":"Kooperation Schule"},"content":{"rendered":"<p><img loading=\"lazy\" decoding=\"async\" class=\"alignnone size-full wp-image-3580\" src=\"http:\/\/www.sv-gebrazhofen.de\/wp-content\/uploads\/2019\/04\/tkdggg.jpg\" alt=\"\" width=\"624\" height=\"232\" srcset=\"http:\/\/www.sv-gebrazhofen.de\/wp-content\/uploads\/2019\/04\/tkdggg.jpg 624w, http:\/\/www.sv-gebrazhofen.de\/wp-content\/uploads\/2019\/04\/tkdggg-595x221.jpg 595w, http:\/\/www.sv-gebrazhofen.de\/wp-content\/uploads\/2019\/04\/tkdggg-500x186.jpg 500w\" sizes=\"auto, (max-width: 624px) 100vw, 624px\" \/><br \/>\nAm vergangenen Dienstag war es soweit, das Projekt \u201eKooperation Schule-Verein\u201c ging in eine weitere Runde. Die Abteilung Taekwondo des SV-Gebrazhofen e.V. hatte eine Kooperation mit der hiesigen Schule schon l\u00e4ngere Zeit im Auge. Aufgrund von zeitlichen Engp\u00e4ssen des Trainerteams, konnte dies jedoch bisher nicht umgesetzt werden. Durch den Vorschlag, die L\u00f6sungssuche und der freundlichen Unterst\u00fctzung der Grundschulrektorin Fr. Weber-Gruber konnte nun eine Art &nbsp;Selbstbehauptungs-\/und Selbstverteidigungskurs in die Outdoor\u2013AG bei Fr. Bemetz mit eingegliedert werden.<\/p>\n","protected":false},"excerpt":{"rendered":"<p>Am vergangenen Dienstag war es soweit, das Projekt \u201eKooperation Schule-Verein\u201c ging in eine weitere Runde. Die Abteilung Taekwondo des SV-Gebrazhofen e.V. hatte eine Kooperation mit der hiesigen Schule schon l\u00e4ngere Zeit im Auge. Aufgrund von zeitlichen Engp\u00e4ssen des Trainerteams, konnte &hellip; <a href=\"http:\/\/www.sv-gebrazhofen.de\/?p=3579\">Weiterlesen <span class=\"meta-nav\">&rarr;<\/span><\/a><\/p>\n","protected":false},"author":3,"featured_media":0,"comment_status":"closed","ping_status":"closed","sticky":false,"template":"","format":"standard","meta":{"footnotes":""},"categories":[1,4],"tags":[],"class_list":["post-3579","post","type-post","status-publish","format-standard","hentry","category-allgemein","category-taekwondo"],"_links":{"self":[{"href":"http:\/\/www.sv-gebrazhofen.de\/index.php?rest_route=\/wp\/v2\/posts\/3579","targetHints":{"allow":["GET"]}}],"collection":[{"href":"http:\/\/www.sv-gebrazhofen.de\/index.php?rest_route=\/wp\/v2\/posts"}],"about":[{"href":"http:\/\/www.sv-gebrazhofen.de\/index.php?rest_route=\/wp\/v2\/types\/post"}],"author":[{"embeddable":true,"href":"http:\/\/www.sv-gebrazhofen.de\/index.php?rest_route=\/wp\/v2\/users\/3"}],"replies":[{"embeddable":true,"href":"http:\/\/www.sv-gebrazhofen.de\/index.php?rest_route=%2Fwp%2Fv2%2Fcomments&post=3579"}],"version-history":[{"count":1,"href":"http:\/\/www.sv-gebrazhofen.de\/index.php?rest_route=\/wp\/v2\/posts\/3579\/revisions"}],"predecessor-version":[{"id":3581,"href":"http:\/\/www.sv-gebrazhofen.de\/index.php?rest_route=\/wp\/v2\/posts\/3579\/revisions\/3581"}],"wp:attachment":[{"href":"http:\/\/www.sv-gebrazhofen.de\/index.php?rest_route=%2Fwp%2Fv2%2Fmedia&parent=3579"}],"wp:term":[{"taxonomy":"category","embeddable":true,"href":"http:\/\/www.sv-gebrazhofen.de\/index.php?rest_route=%2Fwp%2Fv2%2Fcategories&post=3579"},{"taxonomy":"post_tag","embeddable":true,"href":"http:\/\/www.sv-gebrazhofen.de\/index.php?rest_route=%2Fwp%2Fv2%2Ftags&post=3579"}],"curies":[{"name":"wp","href":"https:\/\/api.w.org\/{rel}","templated":true}]}}