{"id":4150,"date":"2022-03-05T19:51:25","date_gmt":"2022-03-05T17:51:25","guid":{"rendered":"http:\/\/www.sv-gebrazhofen.de\/?p=4150"},"modified":"2022-03-05T19:51:25","modified_gmt":"2022-03-05T17:51:25","slug":"taekwondo-trainer-weiter-aktiv-in-der-fortbildung","status":"publish","type":"post","link":"http:\/\/www.sv-gebrazhofen.de\/?p=4150","title":{"rendered":"Taekwondo-Trainer weiter aktiv in der Fortbildung"},"content":{"rendered":"<p style=\"text-align: justify;\"><img loading=\"lazy\" decoding=\"async\" class=\"alignnone size-large wp-image-4152\" src=\"http:\/\/www.sv-gebrazhofen.de\/wp-content\/uploads\/2022\/03\/Bildschirmfoto-2022-03-05-um-13.03.35-1-960x405.png\" alt=\"\" width=\"584\" height=\"246\" srcset=\"http:\/\/www.sv-gebrazhofen.de\/wp-content\/uploads\/2022\/03\/Bildschirmfoto-2022-03-05-um-13.03.35-1-960x405.png 960w, http:\/\/www.sv-gebrazhofen.de\/wp-content\/uploads\/2022\/03\/Bildschirmfoto-2022-03-05-um-13.03.35-1-595x251.png 595w, http:\/\/www.sv-gebrazhofen.de\/wp-content\/uploads\/2022\/03\/Bildschirmfoto-2022-03-05-um-13.03.35-1-768x324.png 768w, http:\/\/www.sv-gebrazhofen.de\/wp-content\/uploads\/2022\/03\/Bildschirmfoto-2022-03-05-um-13.03.35-1-500x211.png 500w, http:\/\/www.sv-gebrazhofen.de\/wp-content\/uploads\/2022\/03\/Bildschirmfoto-2022-03-05-um-13.03.35-1.png 2014w\" sizes=\"auto, (max-width: 584px) 100vw, 584px\" \/><br \/>\nHeute, am sonnigen Samstag, fand \u00fcber Web-Meeting, ein Bundeskampfrichter-Lehrgang statt. Mit dabei waren die gebrazhofener Trainer Simon Sipple, Leonie Graf, Annette und Daniel Kerler. Inhalte waren die aktuelle Wettkampfordnung auf Weltebene, Anti-Doping-Abl\u00e4ufe, medizinische Notf\u00e4lle auf Turnieren sowie das Rahmenkonzept f\u00fcr Para-Meisterschaften. Veranstalter war die Deutsche Taekwondo Union mit ihren Referenten Abdullah \u00dcnl\u00fcbay (Bundeskampfrichterreferent), Dr. Frank D\u00fcren (Verbandsarzt) sowie Janis Dakos (Vizepr\u00e4sident Zweikampf).<br \/>\nDie gebrazhofener nahmen im Rahmen ihrer Trainerlizenz-Verl\u00e4ngerung am Seminar teil.<\/p>\n","protected":false},"excerpt":{"rendered":"<p>Heute, am sonnigen Samstag, fand \u00fcber Web-Meeting, ein Bundeskampfrichter-Lehrgang statt. Mit dabei waren die gebrazhofener Trainer Simon Sipple, Leonie Graf, Annette und Daniel Kerler. Inhalte waren die aktuelle Wettkampfordnung auf Weltebene, Anti-Doping-Abl\u00e4ufe, medizinische Notf\u00e4lle auf Turnieren sowie das Rahmenkonzept f\u00fcr &hellip; <a href=\"http:\/\/www.sv-gebrazhofen.de\/?p=4150\">Weiterlesen <span class=\"meta-nav\">&rarr;<\/span><\/a><\/p>\n","protected":false},"author":1,"featured_media":0,"comment_status":"closed","ping_status":"closed","sticky":false,"template":"","format":"standard","meta":{"footnotes":""},"categories":[4],"tags":[],"class_list":["post-4150","post","type-post","status-publish","format-standard","hentry","category-taekwondo"],"_links":{"self":[{"href":"http:\/\/www.sv-gebrazhofen.de\/index.php?rest_route=\/wp\/v2\/posts\/4150","targetHints":{"allow":["GET"]}}],"collection":[{"href":"http:\/\/www.sv-gebrazhofen.de\/index.php?rest_route=\/wp\/v2\/posts"}],"about":[{"href":"http:\/\/www.sv-gebrazhofen.de\/index.php?rest_route=\/wp\/v2\/types\/post"}],"author":[{"embeddable":true,"href":"http:\/\/www.sv-gebrazhofen.de\/index.php?rest_route=\/wp\/v2\/users\/1"}],"replies":[{"embeddable":true,"href":"http:\/\/www.sv-gebrazhofen.de\/index.php?rest_route=%2Fwp%2Fv2%2Fcomments&post=4150"}],"version-history":[{"count":1,"href":"http:\/\/www.sv-gebrazhofen.de\/index.php?rest_route=\/wp\/v2\/posts\/4150\/revisions"}],"predecessor-version":[{"id":4153,"href":"http:\/\/www.sv-gebrazhofen.de\/index.php?rest_route=\/wp\/v2\/posts\/4150\/revisions\/4153"}],"wp:attachment":[{"href":"http:\/\/www.sv-gebrazhofen.de\/index.php?rest_route=%2Fwp%2Fv2%2Fmedia&parent=4150"}],"wp:term":[{"taxonomy":"category","embeddable":true,"href":"http:\/\/www.sv-gebrazhofen.de\/index.php?rest_route=%2Fwp%2Fv2%2Fcategories&post=4150"},{"taxonomy":"post_tag","embeddable":true,"href":"http:\/\/www.sv-gebrazhofen.de\/index.php?rest_route=%2Fwp%2Fv2%2Ftags&post=4150"}],"curies":[{"name":"wp","href":"https:\/\/api.w.org\/{rel}","templated":true}]}}