{"id":4696,"date":"2024-07-20T20:09:39","date_gmt":"2024-07-20T18:09:39","guid":{"rendered":"http:\/\/www.sv-gebrazhofen.de\/?p=4696"},"modified":"2024-07-20T20:16:41","modified_gmt":"2024-07-20T18:16:41","slug":"sarah-weiss-ist-traegerin-des-3-dan","status":"publish","type":"post","link":"http:\/\/www.sv-gebrazhofen.de\/?p=4696","title":{"rendered":"Sarah Wei\u00df ist Tr\u00e4gerin des 3. Dan!"},"content":{"rendered":"\n<figure class=\"wp-block-image size-large\"><img loading=\"lazy\" decoding=\"async\" width=\"960\" height=\"528\" src=\"http:\/\/www.sv-gebrazhofen.de\/wp-content\/uploads\/2024\/07\/bec00ad1-aafb-444c-a88e-16b9e1af76ed-960x528.jpg\" alt=\"\" class=\"wp-image-4697\" srcset=\"http:\/\/www.sv-gebrazhofen.de\/wp-content\/uploads\/2024\/07\/bec00ad1-aafb-444c-a88e-16b9e1af76ed-960x528.jpg 960w, http:\/\/www.sv-gebrazhofen.de\/wp-content\/uploads\/2024\/07\/bec00ad1-aafb-444c-a88e-16b9e1af76ed-595x327.jpg 595w, http:\/\/www.sv-gebrazhofen.de\/wp-content\/uploads\/2024\/07\/bec00ad1-aafb-444c-a88e-16b9e1af76ed-768x422.jpg 768w, http:\/\/www.sv-gebrazhofen.de\/wp-content\/uploads\/2024\/07\/bec00ad1-aafb-444c-a88e-16b9e1af76ed-500x275.jpg 500w, http:\/\/www.sv-gebrazhofen.de\/wp-content\/uploads\/2024\/07\/bec00ad1-aafb-444c-a88e-16b9e1af76ed.jpg 1197w\" sizes=\"auto, (max-width: 960px) 100vw, 960px\" \/><\/figure>\n\n\n\n<p><strong>Spaichingen, 20. Juli 2024<\/strong> \u2013 Am vergangenen Samstag fand in Spaichingen die Landes-Dan-Pr\u00fcfung im Taekwondo statt, bei der insgesamt 13 Teilnehmer ihr K\u00f6nnen unter Beweis stellten. Eine herausragende Leistung zeigte dabei Sarah Wei\u00df vom SV Gebrazhofen, die die Pr\u00fcfung zum 3. Dan erfolgreich bestand.<\/p>\n\n\n\n<p>Unterst\u00fctzt wurde Wei\u00df von Taekwondo-Abteilungsleiter Julian Moik und Trainerin Janina Moosmann, die sie intensiv auf die anspruchsvolle Pr\u00fcfung vorbereitet hatten. Die Pr\u00fcflinge mussten sich in verschiedenen Disziplinen wie Formenlauf (Poomsae), Freikampf (Kyorugi) und Bruchtest (Kyokpa) beweisen.<\/p>\n\n\n\n<p>Die Pr\u00fcfung wurde von einem hochkar\u00e4tig besetzten Gremium abgenommen. Angef\u00fchrt wurde das Pr\u00fcferteam von Landespr\u00fcfungsreferent Kyung-Jin Kwak (8. Dan), unterst\u00fctzt von Diana Creti-R\u00fchle (6. Dan), Rolf Brandt (7. Dan) und Martin Rees (6. Dan).<\/p>\n\n\n\n<p>Die hervorragende Leistung von Sarah Wei\u00df wurde von allen Pr\u00fcfern anerkannt und sie darf nun stolz den 3. Dan im Taekwondo tragen. Der SV Gebrazhofen und ihre Trainer gratulieren herzlich zu diesem Erfolg und freuen sich auf weitere sportliche Erfolge in der Zukunft.<\/p>\n","protected":false},"excerpt":{"rendered":"<p>Spaichingen, 20. Juli 2024 \u2013 Am vergangenen Samstag fand in Spaichingen die Landes-Dan-Pr\u00fcfung im Taekwondo statt, bei der insgesamt 13 Teilnehmer ihr K\u00f6nnen unter Beweis stellten. Eine herausragende Leistung zeigte dabei Sarah Wei\u00df vom SV Gebrazhofen, die die Pr\u00fcfung zum &hellip; <a href=\"http:\/\/www.sv-gebrazhofen.de\/?p=4696\">Weiterlesen <span class=\"meta-nav\">&rarr;<\/span><\/a><\/p>\n","protected":false},"author":3,"featured_media":0,"comment_status":"closed","ping_status":"closed","sticky":false,"template":"","format":"standard","meta":{"footnotes":""},"categories":[4],"tags":[],"class_list":["post-4696","post","type-post","status-publish","format-standard","hentry","category-taekwondo"],"_links":{"self":[{"href":"http:\/\/www.sv-gebrazhofen.de\/index.php?rest_route=\/wp\/v2\/posts\/4696","targetHints":{"allow":["GET"]}}],"collection":[{"href":"http:\/\/www.sv-gebrazhofen.de\/index.php?rest_route=\/wp\/v2\/posts"}],"about":[{"href":"http:\/\/www.sv-gebrazhofen.de\/index.php?rest_route=\/wp\/v2\/types\/post"}],"author":[{"embeddable":true,"href":"http:\/\/www.sv-gebrazhofen.de\/index.php?rest_route=\/wp\/v2\/users\/3"}],"replies":[{"embeddable":true,"href":"http:\/\/www.sv-gebrazhofen.de\/index.php?rest_route=%2Fwp%2Fv2%2Fcomments&post=4696"}],"version-history":[{"count":2,"href":"http:\/\/www.sv-gebrazhofen.de\/index.php?rest_route=\/wp\/v2\/posts\/4696\/revisions"}],"predecessor-version":[{"id":4699,"href":"http:\/\/www.sv-gebrazhofen.de\/index.php?rest_route=\/wp\/v2\/posts\/4696\/revisions\/4699"}],"wp:attachment":[{"href":"http:\/\/www.sv-gebrazhofen.de\/index.php?rest_route=%2Fwp%2Fv2%2Fmedia&parent=4696"}],"wp:term":[{"taxonomy":"category","embeddable":true,"href":"http:\/\/www.sv-gebrazhofen.de\/index.php?rest_route=%2Fwp%2Fv2%2Fcategories&post=4696"},{"taxonomy":"post_tag","embeddable":true,"href":"http:\/\/www.sv-gebrazhofen.de\/index.php?rest_route=%2Fwp%2Fv2%2Ftags&post=4696"}],"curies":[{"name":"wp","href":"https:\/\/api.w.org\/{rel}","templated":true}]}}