{"id":4740,"date":"2024-10-06T14:37:21","date_gmt":"2024-10-06T12:37:21","guid":{"rendered":"http:\/\/www.sv-gebrazhofen.de\/?p=4740"},"modified":"2024-10-06T14:37:21","modified_gmt":"2024-10-06T12:37:21","slug":"tkd-gebrazhofen-bei-der-wattwil-open","status":"publish","type":"post","link":"http:\/\/www.sv-gebrazhofen.de\/?p=4740","title":{"rendered":"TKD Gebrazhofen bei der Wattwil Open"},"content":{"rendered":"\n<figure class=\"wp-block-image size-large\"><img loading=\"lazy\" decoding=\"async\" width=\"960\" height=\"460\" src=\"http:\/\/www.sv-gebrazhofen.de\/wp-content\/uploads\/2024\/10\/Wattwil-Open-2024-1536x1152-1-960x460.jpeg\" alt=\"\" class=\"wp-image-4741\" srcset=\"http:\/\/www.sv-gebrazhofen.de\/wp-content\/uploads\/2024\/10\/Wattwil-Open-2024-1536x1152-1-960x460.jpeg 960w, http:\/\/www.sv-gebrazhofen.de\/wp-content\/uploads\/2024\/10\/Wattwil-Open-2024-1536x1152-1-595x285.jpeg 595w, http:\/\/www.sv-gebrazhofen.de\/wp-content\/uploads\/2024\/10\/Wattwil-Open-2024-1536x1152-1-768x368.jpeg 768w, http:\/\/www.sv-gebrazhofen.de\/wp-content\/uploads\/2024\/10\/Wattwil-Open-2024-1536x1152-1-1536x736.jpeg 1536w, http:\/\/www.sv-gebrazhofen.de\/wp-content\/uploads\/2024\/10\/Wattwil-Open-2024-1536x1152-1-2048x981.jpeg 2048w, http:\/\/www.sv-gebrazhofen.de\/wp-content\/uploads\/2024\/10\/Wattwil-Open-2024-1536x1152-1-500x240.jpeg 500w\" sizes=\"auto, (max-width: 960px) 100vw, 960px\" \/><\/figure>\n\n\n\n<p>Am Samstag, 21.09.2024, nahmen sechs Athleten des Taekwondo Gebrazhofen am renommierten Wattwil Open in der Schweiz teil. Insgesamt waren etwa 300 K\u00e4mpfer aus verschiedenen L\u00e4ndern am Start. Unsere K\u00e4mpfer stellten sich in spannenden und herausfordernden Begegnungen ihren Gegnern, einige von ihnen mit gro\u00dfem Erfolg. Hier ein \u00dcberblick \u00fcber die Leistungen unserer Athleten.<\/p>\n\n\n\n<p>Raphael Tae-Yang Choi traf im Achtelfinale auf einen sehr erfahrenen Gegner aus Frankreich. Trotz seines Einsatzes musste er sich fr\u00fch geschlagen geben und schied aus dem Turnier aus. Auch wenn es f\u00fcr ihn diesmal nicht f\u00fcr eine Medaille gereicht hat, sammelte er trotzdem wertvolle Wettkampferfahrung f\u00fcr zuk\u00fcnftige Turniere.<\/p>\n\n\n\n<p>Unser Erfolgsgarant Moritz Reutlinger zeigte wieder einmal, warum er zu den Besten z\u00e4hlt. Er besiegte seinen Gegner souver\u00e4n im Halbfinale und setzte sich auch im Finale durch. Mit gro\u00dfem Kampfgeist und taktischem Geschick holte Moritz den Turniersieg \u2013 eine beeindruckende Leistung und verdientes Gold f\u00fcr Moritz.<\/p>\n\n\n\n<!--more-->\n\n\n\n<p>Benjamin Rein musste direkt im Halbfinale gegen einen Gegner mit LK1-Erfahrung antreten. In einem spannenden und taktisch anspruchsvollen Kampf zeigte Benjamin starke Leistungen, unterlag jedoch knapp. Dennoch kann er stolz auf seine Performance sein und blickt auf ein lehrreiches Turnier und Platz 3 zur\u00fcck.<\/p>\n\n\n\n<p>F\u00fcr unseren K\u00e4mpfer Fabian Rein war es eine lange Reise einen Gegner in seiner Gewichtsklasse zu finden. Doch in der Schweiz wurden wir f\u00fcndig! Im Halbfinale setzte Fabian die Anweisungen seines Coaches Janina Gredler so gut wie m\u00f6glich um, doch leider reichte es nicht f\u00fcr den Sieg. Er verletzte sich an der Hand und musste aufgeben, wird aber bald wieder auf die Matte zur\u00fcckkehren. Platz 3 f\u00fcr Fabian Rein.<\/p>\n\n\n\n<p>Auch Theresa Stohr trat in einer besonders stark besetzten Klasse an, in der unter anderem Sportlerinnen aus den Nationalteams von \u00d6sterreich und Lettland dabei waren. Theresa k\u00e4mpfte mit viel Herz, musste sich jedoch im Halbfinale geschlagen geben. Auch f\u00fcr sie war es ein wertvolles Turnier, um sich weiterzuentwickeln.<\/p>\n\n\n\n<p>Zum Abschluss des Turniers trat Anna-Maria Reutlinger gegen eine Gegnerin an, die sie bereits aus einem gemeinsamen Training kannte. Nach einer starken ersten Runde fehlte ihr in der zweiten Runde die n\u00f6tige Kondition, um das Tempo zu halten. Am Ende durfte sich Anna-Maria \u00fcber eine hart erk\u00e4mpfte Silbermedaille freuen.<\/p>\n\n\n\n<p><strong>Medaillenspiegel unseres Vereins:<\/strong><\/p>\n\n\n\n<ul class=\"wp-block-list\">\n<li>Ohne Platzierung: Raphael Tae-Yang Choi<\/li>\n\n\n\n<li>Bronze: Fabian Rein, Benjamin Rein, Theresa Stohr<\/li>\n\n\n\n<li>Silber: Anna-Maria Reutlinger<\/li>\n\n\n\n<li>Gold: Moritz Reutlinger<\/li>\n<\/ul>\n\n\n\n<p>Unser Team hat insgesamt eine sehr starke Leistung gezeigt. Wir sind stolz auf unsere K\u00e4mpfer und freuen uns auf die n\u00e4chsten Herausforderungen!<br>Au\u00dferdem m\u00f6chten wir unserem Verein SV Gebrazhofen und der Abteilung Taekwondo bei der finanziellen Unterst\u00fctzung danken, ohne die ein Start auf solchen Turnieren nicht m\u00f6glich w\u00e4re.<\/p>\n","protected":false},"excerpt":{"rendered":"<p>Am Samstag, 21.09.2024, nahmen sechs Athleten des Taekwondo Gebrazhofen am renommierten Wattwil Open in der Schweiz teil. Insgesamt waren etwa 300 K\u00e4mpfer aus verschiedenen L\u00e4ndern am Start. Unsere K\u00e4mpfer stellten sich in spannenden und herausfordernden Begegnungen ihren Gegnern, einige von &hellip; <a href=\"http:\/\/www.sv-gebrazhofen.de\/?p=4740\">Weiterlesen <span class=\"meta-nav\">&rarr;<\/span><\/a><\/p>\n","protected":false},"author":3,"featured_media":0,"comment_status":"closed","ping_status":"closed","sticky":false,"template":"","format":"standard","meta":{"footnotes":""},"categories":[4],"tags":[],"class_list":["post-4740","post","type-post","status-publish","format-standard","hentry","category-taekwondo"],"_links":{"self":[{"href":"http:\/\/www.sv-gebrazhofen.de\/index.php?rest_route=\/wp\/v2\/posts\/4740","targetHints":{"allow":["GET"]}}],"collection":[{"href":"http:\/\/www.sv-gebrazhofen.de\/index.php?rest_route=\/wp\/v2\/posts"}],"about":[{"href":"http:\/\/www.sv-gebrazhofen.de\/index.php?rest_route=\/wp\/v2\/types\/post"}],"author":[{"embeddable":true,"href":"http:\/\/www.sv-gebrazhofen.de\/index.php?rest_route=\/wp\/v2\/users\/3"}],"replies":[{"embeddable":true,"href":"http:\/\/www.sv-gebrazhofen.de\/index.php?rest_route=%2Fwp%2Fv2%2Fcomments&post=4740"}],"version-history":[{"count":1,"href":"http:\/\/www.sv-gebrazhofen.de\/index.php?rest_route=\/wp\/v2\/posts\/4740\/revisions"}],"predecessor-version":[{"id":4742,"href":"http:\/\/www.sv-gebrazhofen.de\/index.php?rest_route=\/wp\/v2\/posts\/4740\/revisions\/4742"}],"wp:attachment":[{"href":"http:\/\/www.sv-gebrazhofen.de\/index.php?rest_route=%2Fwp%2Fv2%2Fmedia&parent=4740"}],"wp:term":[{"taxonomy":"category","embeddable":true,"href":"http:\/\/www.sv-gebrazhofen.de\/index.php?rest_route=%2Fwp%2Fv2%2Fcategories&post=4740"},{"taxonomy":"post_tag","embeddable":true,"href":"http:\/\/www.sv-gebrazhofen.de\/index.php?rest_route=%2Fwp%2Fv2%2Ftags&post=4740"}],"curies":[{"name":"wp","href":"https:\/\/api.w.org\/{rel}","templated":true}]}}