{"id":4866,"date":"2025-03-10T12:25:55","date_gmt":"2025-03-10T10:25:55","guid":{"rendered":"http:\/\/www.sv-gebrazhofen.de\/?p=4866"},"modified":"2025-03-10T12:36:32","modified_gmt":"2025-03-10T10:36:32","slug":"4866","status":"publish","type":"post","link":"http:\/\/www.sv-gebrazhofen.de\/?p=4866","title":{"rendered":"Erfolgreiche Dan-Pr\u00fcfung in Gebrazhofen"},"content":{"rendered":"\n<figure class=\"wp-block-image size-large\"><img loading=\"lazy\" decoding=\"async\" width=\"960\" height=\"624\" src=\"http:\/\/www.sv-gebrazhofen.de\/wp-content\/uploads\/2025\/03\/IMG_7015-960x624.jpeg\" alt=\"\" class=\"wp-image-4868\" srcset=\"http:\/\/www.sv-gebrazhofen.de\/wp-content\/uploads\/2025\/03\/IMG_7015-960x624.jpeg 960w, http:\/\/www.sv-gebrazhofen.de\/wp-content\/uploads\/2025\/03\/IMG_7015-595x387.jpeg 595w, http:\/\/www.sv-gebrazhofen.de\/wp-content\/uploads\/2025\/03\/IMG_7015-768x499.jpeg 768w, http:\/\/www.sv-gebrazhofen.de\/wp-content\/uploads\/2025\/03\/IMG_7015-1536x999.jpeg 1536w, http:\/\/www.sv-gebrazhofen.de\/wp-content\/uploads\/2025\/03\/IMG_7015-2048x1332.jpeg 2048w, http:\/\/www.sv-gebrazhofen.de\/wp-content\/uploads\/2025\/03\/IMG_7015-461x300.jpeg 461w\" sizes=\"auto, (max-width: 960px) 100vw, 960px\" \/><\/figure>\n\n\n\n<p>Am 09.03.2025 fand in Gebrazhofen eine Taekwondo Dan-Pr\u00fcfung statt. Acht Teilnehmer aus den Vereinen Gebrazhofen, Wuchzenhofen und Kimratshofen stellten sich der Herausforderung und konnten erfolgreich ihre Pr\u00fcfung ablegen.<\/p>\n\n\n\n<p>Das Pr\u00fcfungskomitee bestand aus hochrangigen Dan-Tr\u00e4gern: Hermann Deeg (7. Dan; Blaufelden), der zugleich als Landes-Pr\u00e4sident fungiert, sowie Thomas Steible (5. Dan) Verbandspr\u00fcfer aus Kimratshofen. Den organisatorischen Ablauf der Veranstaltung \u00fcbernahm Daniel Kerler (4. Dan).<\/p>\n\n\n\n<!--more-->\n\n\n\n<p>Die Pr\u00fcfung umfasste die klassischen Bestandteile einer Dan-Pr\u00fcfung, darunter Formenlauf (Poomsae), Einschrittkampf (Ilbo-Taeryon), Wettkampf (Kyorugi), Selbstverteidigung (Hosinsul) sowie den Bruchtest (Kyokpa). Die Teilnehmer zeigten durchweg ein hohes technisches Niveau und gro\u00dfe Disziplin, was sich in den durchweg positiven Bewertungen widerspiegelte.<\/p>\n\n\n\n<p>Dank der guten Vorbereitung durch ihre Trainer und der fairen, aber anspruchsvollen Beurteilung durch das Pr\u00fcfungskomitee konnten alle acht Teilnehmer mit Stolz ihre neuen Dan-Grade in Empfang nehmen. Die Veranstaltung war ein voller Erfolg und best\u00e4tigte einmal mehr das hohe Niveau des Taekwondo in der Region.<\/p>\n\n\n\n<p>Bestanden haben:<\/p>\n\n\n\n<p>Zum 1. Dan:<\/p>\n\n\n\n<ul class=\"wp-block-list\">\n<li>Leyla Karaismaioglu (Gebrazhofen)<\/li>\n\n\n\n<li>Pius M\u00fcller (Wuchzenhofen)<\/li>\n\n\n\n<li>Jonas Badstuber (Wuchzenhofen)<\/li>\n<\/ul>\n\n\n\n<p>Zum 2. Dan:<\/p>\n\n\n\n<ul class=\"wp-block-list\">\n<li>Therasa Stohr (Gebrazhofen)<\/li>\n\n\n\n<li>Ayleen Bodenm\u00fcller (Wuchzenhofen)<\/li>\n\n\n\n<li>Julia Tschugg (Kimratshofen)<\/li>\n<\/ul>\n\n\n\n<p>Zum 3. Dan:<\/p>\n\n\n\n<ul class=\"wp-block-list\">\n<li>Leonie Graf (Gebrazhofen)<\/li>\n\n\n\n<li>Sarah Mayer (Kimratshofen)<\/li>\n<\/ul>\n\n\n\n<p>Ein Dank gilt den Pr\u00fcfern, den Organisatoren und allen Beteiligten, die diese erfolgreiche Pr\u00fcfung erm\u00f6glichten. Besonderer Dank geht zudem an die freiwilligen Helfer des SV Gebrazhofen vor Ort.<\/p>\n","protected":false},"excerpt":{"rendered":"<p>Am 09.03.2025 fand in Gebrazhofen eine Taekwondo Dan-Pr\u00fcfung statt. Acht Teilnehmer aus den Vereinen Gebrazhofen, Wuchzenhofen und Kimratshofen stellten sich der Herausforderung und konnten erfolgreich ihre Pr\u00fcfung ablegen. Das Pr\u00fcfungskomitee bestand aus hochrangigen Dan-Tr\u00e4gern: Hermann Deeg (7. Dan; Blaufelden), der &hellip; <a href=\"http:\/\/www.sv-gebrazhofen.de\/?p=4866\">Weiterlesen <span class=\"meta-nav\">&rarr;<\/span><\/a><\/p>\n","protected":false},"author":3,"featured_media":0,"comment_status":"closed","ping_status":"closed","sticky":false,"template":"","format":"standard","meta":{"footnotes":""},"categories":[1,4],"tags":[],"class_list":["post-4866","post","type-post","status-publish","format-standard","hentry","category-allgemein","category-taekwondo"],"_links":{"self":[{"href":"http:\/\/www.sv-gebrazhofen.de\/index.php?rest_route=\/wp\/v2\/posts\/4866","targetHints":{"allow":["GET"]}}],"collection":[{"href":"http:\/\/www.sv-gebrazhofen.de\/index.php?rest_route=\/wp\/v2\/posts"}],"about":[{"href":"http:\/\/www.sv-gebrazhofen.de\/index.php?rest_route=\/wp\/v2\/types\/post"}],"author":[{"embeddable":true,"href":"http:\/\/www.sv-gebrazhofen.de\/index.php?rest_route=\/wp\/v2\/users\/3"}],"replies":[{"embeddable":true,"href":"http:\/\/www.sv-gebrazhofen.de\/index.php?rest_route=%2Fwp%2Fv2%2Fcomments&post=4866"}],"version-history":[{"count":4,"href":"http:\/\/www.sv-gebrazhofen.de\/index.php?rest_route=\/wp\/v2\/posts\/4866\/revisions"}],"predecessor-version":[{"id":4872,"href":"http:\/\/www.sv-gebrazhofen.de\/index.php?rest_route=\/wp\/v2\/posts\/4866\/revisions\/4872"}],"wp:attachment":[{"href":"http:\/\/www.sv-gebrazhofen.de\/index.php?rest_route=%2Fwp%2Fv2%2Fmedia&parent=4866"}],"wp:term":[{"taxonomy":"category","embeddable":true,"href":"http:\/\/www.sv-gebrazhofen.de\/index.php?rest_route=%2Fwp%2Fv2%2Fcategories&post=4866"},{"taxonomy":"post_tag","embeddable":true,"href":"http:\/\/www.sv-gebrazhofen.de\/index.php?rest_route=%2Fwp%2Fv2%2Ftags&post=4866"}],"curies":[{"name":"wp","href":"https:\/\/api.w.org\/{rel}","templated":true}]}}