{"id":5036,"date":"2025-12-27T11:09:01","date_gmt":"2025-12-27T09:09:01","guid":{"rendered":"http:\/\/www.sv-gebrazhofen.de\/?p=5036"},"modified":"2025-12-27T11:09:01","modified_gmt":"2025-12-27T09:09:01","slug":"gebrazhofen-bei-kampfsportgala-in-marktoberdorf-dabei","status":"publish","type":"post","link":"http:\/\/www.sv-gebrazhofen.de\/?p=5036","title":{"rendered":"Gebrazhofen bei KAMPFSPORTGALA in Marktoberdorf dabei!"},"content":{"rendered":"\n<figure class=\"wp-block-image size-large\"><img loading=\"lazy\" decoding=\"async\" width=\"960\" height=\"643\" src=\"http:\/\/www.sv-gebrazhofen.de\/wp-content\/uploads\/2025\/12\/2026-02-28-TGA-KAMPFSPORT-GALA-Hinweis-1024x686-1-960x643.jpg\" alt=\"\" class=\"wp-image-5037\" srcset=\"http:\/\/www.sv-gebrazhofen.de\/wp-content\/uploads\/2025\/12\/2026-02-28-TGA-KAMPFSPORT-GALA-Hinweis-1024x686-1-960x643.jpg 960w, http:\/\/www.sv-gebrazhofen.de\/wp-content\/uploads\/2025\/12\/2026-02-28-TGA-KAMPFSPORT-GALA-Hinweis-1024x686-1-595x399.jpg 595w, http:\/\/www.sv-gebrazhofen.de\/wp-content\/uploads\/2025\/12\/2026-02-28-TGA-KAMPFSPORT-GALA-Hinweis-1024x686-1-768x515.jpg 768w, http:\/\/www.sv-gebrazhofen.de\/wp-content\/uploads\/2025\/12\/2026-02-28-TGA-KAMPFSPORT-GALA-Hinweis-1024x686-1-448x300.jpg 448w, http:\/\/www.sv-gebrazhofen.de\/wp-content\/uploads\/2025\/12\/2026-02-28-TGA-KAMPFSPORT-GALA-Hinweis-1024x686-1.jpg 1024w\" sizes=\"auto, (max-width: 960px) 100vw, 960px\" \/><\/figure>\n\n\n\n<p>Das Jahr 2026 hat noch nicht begonnen, wirft seine Schatten aber schon voraus.<\/p>\n\n\n\n<p>Die Gala in Marktoberdorf bei Georg Streif wird ein erstes Highlight im neuen Jahr! Und das allerbeste: TKD Gebrazhofen wird auch dabei sein! Janina und Daniel werden als Teil der Allg\u00e4uer-Dan-Tr\u00e4ger mit auf der B\u00fchne stehen.<\/p>\n\n\n\n<p>Wer hat Bock dabei zu sein?<\/p>\n\n\n\n<p>Karten gibt es hier:<br><a href=\"https:\/\/www.eventim.de\/noapp\/event\/kampfsport-gala-modeon-20831578\/?affiliate=AZT&amp;utm_campaign=allgaeuerzeitung&amp;utm_source=AZT&amp;utm_medium=dp\">https:\/\/www.eventim.de\/noapp\/event\/kampfsport-gala-modeon-20831578\/?affiliate=AZT&amp;utm_campaign=allgaeuerzeitung&amp;utm_source=AZT&amp;utm_medium=dp<\/a><\/p>\n","protected":false},"excerpt":{"rendered":"<p>Das Jahr 2026 hat noch nicht begonnen, wirft seine Schatten aber schon voraus. Die Gala in Marktoberdorf bei Georg Streif wird ein erstes Highlight im neuen Jahr! Und das allerbeste: TKD Gebrazhofen wird auch dabei sein! Janina und Daniel werden &hellip; <a href=\"http:\/\/www.sv-gebrazhofen.de\/?p=5036\">Weiterlesen <span class=\"meta-nav\">&rarr;<\/span><\/a><\/p>\n","protected":false},"author":3,"featured_media":0,"comment_status":"closed","ping_status":"closed","sticky":false,"template":"","format":"standard","meta":{"footnotes":""},"categories":[4],"tags":[],"class_list":["post-5036","post","type-post","status-publish","format-standard","hentry","category-taekwondo"],"_links":{"self":[{"href":"http:\/\/www.sv-gebrazhofen.de\/index.php?rest_route=\/wp\/v2\/posts\/5036","targetHints":{"allow":["GET"]}}],"collection":[{"href":"http:\/\/www.sv-gebrazhofen.de\/index.php?rest_route=\/wp\/v2\/posts"}],"about":[{"href":"http:\/\/www.sv-gebrazhofen.de\/index.php?rest_route=\/wp\/v2\/types\/post"}],"author":[{"embeddable":true,"href":"http:\/\/www.sv-gebrazhofen.de\/index.php?rest_route=\/wp\/v2\/users\/3"}],"replies":[{"embeddable":true,"href":"http:\/\/www.sv-gebrazhofen.de\/index.php?rest_route=%2Fwp%2Fv2%2Fcomments&post=5036"}],"version-history":[{"count":1,"href":"http:\/\/www.sv-gebrazhofen.de\/index.php?rest_route=\/wp\/v2\/posts\/5036\/revisions"}],"predecessor-version":[{"id":5038,"href":"http:\/\/www.sv-gebrazhofen.de\/index.php?rest_route=\/wp\/v2\/posts\/5036\/revisions\/5038"}],"wp:attachment":[{"href":"http:\/\/www.sv-gebrazhofen.de\/index.php?rest_route=%2Fwp%2Fv2%2Fmedia&parent=5036"}],"wp:term":[{"taxonomy":"category","embeddable":true,"href":"http:\/\/www.sv-gebrazhofen.de\/index.php?rest_route=%2Fwp%2Fv2%2Fcategories&post=5036"},{"taxonomy":"post_tag","embeddable":true,"href":"http:\/\/www.sv-gebrazhofen.de\/index.php?rest_route=%2Fwp%2Fv2%2Ftags&post=5036"}],"curies":[{"name":"wp","href":"https:\/\/api.w.org\/{rel}","templated":true}]}}