{"id":948,"date":"2014-03-10T15:46:47","date_gmt":"2014-03-10T13:46:47","guid":{"rendered":"http:\/\/www.sv-gebrazhofen.de\/?p=948"},"modified":"2014-03-10T20:16:27","modified_gmt":"2014-03-10T18:16:27","slug":"der-svg-sagt-danke","status":"publish","type":"post","link":"http:\/\/www.sv-gebrazhofen.de\/?p=948","title":{"rendered":"Der SVG sagt &#8222;DANKE!&#8220;"},"content":{"rendered":"<p style=\"text-align: justify;\" dir=\"ltr\"><img loading=\"lazy\" decoding=\"async\" class=\"alignnone size-full wp-image-951\" title=\"IMG_8886\" src=\"http:\/\/www.sv-gebrazhofen.de\/wp-content\/uploads\/2014\/03\/IMG_8886.jpg\" alt=\"\" width=\"800\" height=\"424\" srcset=\"http:\/\/www.sv-gebrazhofen.de\/wp-content\/uploads\/2014\/03\/IMG_8886.jpg 800w, http:\/\/www.sv-gebrazhofen.de\/wp-content\/uploads\/2014\/03\/IMG_8886-300x159.jpg 300w, http:\/\/www.sv-gebrazhofen.de\/wp-content\/uploads\/2014\/03\/IMG_8886-500x265.jpg 500w\" sizes=\"auto, (max-width: 800px) 100vw, 800px\" \/><br \/>\nIm Rahmen einer Vereinsratssitzung hat Siegfried Edelmann Trainer Erwin Mayer f\u00fcr seine langj\u00e4hrige engarierte Trainerleistung gedankt. Seine Trainert\u00e4tigkeit beim SVG endete zur Halbzeit der Saison 2013\/2014. Er selbst sah diesen Schritt als notwendige Konsequenz einer fehlenden Leistungsentwicklung der Aktiven. Als Mitglied des Vereinsrats wird er auch k\u00fcnftig einen wichtigen Teil zur Gemeinschaft beitragen. Herzlichen Dank Erwin.<\/p>\n","protected":false},"excerpt":{"rendered":"<p>Im Rahmen einer Vereinsratssitzung hat Siegfried Edelmann Trainer Erwin Mayer f\u00fcr seine langj\u00e4hrige engarierte Trainerleistung gedankt. Seine Trainert\u00e4tigkeit beim SVG endete zur Halbzeit der Saison 2013\/2014. Er selbst sah diesen Schritt als notwendige Konsequenz einer fehlenden Leistungsentwicklung der Aktiven. Als &hellip; <a href=\"http:\/\/www.sv-gebrazhofen.de\/?p=948\">Weiterlesen <span class=\"meta-nav\">&rarr;<\/span><\/a><\/p>\n","protected":false},"author":1,"featured_media":0,"comment_status":"closed","ping_status":"closed","sticky":false,"template":"","format":"standard","meta":{"footnotes":""},"categories":[13],"tags":[],"class_list":["post-948","post","type-post","status-publish","format-standard","hentry","category-hauptverein"],"_links":{"self":[{"href":"http:\/\/www.sv-gebrazhofen.de\/index.php?rest_route=\/wp\/v2\/posts\/948","targetHints":{"allow":["GET"]}}],"collection":[{"href":"http:\/\/www.sv-gebrazhofen.de\/index.php?rest_route=\/wp\/v2\/posts"}],"about":[{"href":"http:\/\/www.sv-gebrazhofen.de\/index.php?rest_route=\/wp\/v2\/types\/post"}],"author":[{"embeddable":true,"href":"http:\/\/www.sv-gebrazhofen.de\/index.php?rest_route=\/wp\/v2\/users\/1"}],"replies":[{"embeddable":true,"href":"http:\/\/www.sv-gebrazhofen.de\/index.php?rest_route=%2Fwp%2Fv2%2Fcomments&post=948"}],"version-history":[{"count":3,"href":"http:\/\/www.sv-gebrazhofen.de\/index.php?rest_route=\/wp\/v2\/posts\/948\/revisions"}],"predecessor-version":[{"id":952,"href":"http:\/\/www.sv-gebrazhofen.de\/index.php?rest_route=\/wp\/v2\/posts\/948\/revisions\/952"}],"wp:attachment":[{"href":"http:\/\/www.sv-gebrazhofen.de\/index.php?rest_route=%2Fwp%2Fv2%2Fmedia&parent=948"}],"wp:term":[{"taxonomy":"category","embeddable":true,"href":"http:\/\/www.sv-gebrazhofen.de\/index.php?rest_route=%2Fwp%2Fv2%2Fcategories&post=948"},{"taxonomy":"post_tag","embeddable":true,"href":"http:\/\/www.sv-gebrazhofen.de\/index.php?rest_route=%2Fwp%2Fv2%2Ftags&post=948"}],"curies":[{"name":"wp","href":"https:\/\/api.w.org\/{rel}","templated":true}]}}